{"id":6372,"date":"2018-06-30T15:23:14","date_gmt":"2018-06-30T13:23:14","guid":{"rendered":"http:\/\/federacioncantabradehipica.com\/web\/?p=6372"},"modified":"2018-06-30T15:23:14","modified_gmt":"2018-06-30T13:23:14","slug":"el-himno-espanol-continua-sonando-en-la-magdalena","status":"publish","type":"post","link":"https:\/\/federacioncantabradehipica.com\/web\/?p=6372","title":{"rendered":"El himno espa\u00f1ol contin\u00faa sonando en La Magdalena"},"content":{"rendered":"<p style=\"text-align: center;\"><strong>Victoria de\u00a0Felipe P\u00e9rez de Nardiz en el Trofeo Palibex<\/strong><!--more--><\/p>\n<figure id=\"attachment_6373\" class=\"thumbnail wp-caption alignright\" style=\"width: 300px\"><img data-recalc-dims=\"1\" loading=\"lazy\" decoding=\"async\" data-attachment-id=\"6373\" data-permalink=\"https:\/\/federacioncantabradehipica.com\/web\/?attachment_id=6373\" data-orig-file=\"https:\/\/i0.wp.com\/federacioncantabradehipica.com\/web\/wp-content\/uploads\/2018\/06\/PLP_2336.jpg?fit=1600%2C1059&amp;ssl=1\" data-orig-size=\"1600,1059\" data-comments-opened=\"0\" data-image-meta=\"{&quot;aperture&quot;:&quot;0&quot;,&quot;credit&quot;:&quot;&quot;,&quot;camera&quot;:&quot;&quot;,&quot;caption&quot;:&quot;&quot;,&quot;created_timestamp&quot;:&quot;0&quot;,&quot;copyright&quot;:&quot;&quot;,&quot;focal_length&quot;:&quot;0&quot;,&quot;iso&quot;:&quot;0&quot;,&quot;shutter_speed&quot;:&quot;0&quot;,&quot;title&quot;:&quot;&quot;,&quot;orientation&quot;:&quot;0&quot;}\" data-image-title=\"PLP_2336\" data-image-description=\"\" data-image-caption=\"&lt;p&gt;Felipe | Foto: Pablo Lanza&lt;\/p&gt;\n\" data-large-file=\"https:\/\/i0.wp.com\/federacioncantabradehipica.com\/web\/wp-content\/uploads\/2018\/06\/PLP_2336.jpg?fit=1024%2C678&amp;ssl=1\" class=\"size-medium wp-image-6373\" src=\"https:\/\/i0.wp.com\/federacioncantabradehipica.com\/web\/wp-content\/uploads\/2018\/06\/PLP_2336-300x199.jpg?resize=300%2C199\" alt=\"\" width=\"300\" height=\"199\" srcset=\"https:\/\/i0.wp.com\/federacioncantabradehipica.com\/web\/wp-content\/uploads\/2018\/06\/PLP_2336.jpg?resize=300%2C199&amp;ssl=1 300w, https:\/\/i0.wp.com\/federacioncantabradehipica.com\/web\/wp-content\/uploads\/2018\/06\/PLP_2336.jpg?resize=150%2C99&amp;ssl=1 150w, https:\/\/i0.wp.com\/federacioncantabradehipica.com\/web\/wp-content\/uploads\/2018\/06\/PLP_2336.jpg?resize=1024%2C678&amp;ssl=1 1024w, https:\/\/i0.wp.com\/federacioncantabradehipica.com\/web\/wp-content\/uploads\/2018\/06\/PLP_2336.jpg?w=1600&amp;ssl=1 1600w\" sizes=\"auto, (max-width: 300px) 100vw, 300px\" \/><figcaption class=\"caption wp-caption-text\">Felipe P\u00e9rez de Nardiz conquist\u00f3 el Trofeo Palibex | Foto: Pablo Lanza<\/figcaption><\/figure>\n<p style=\"text-align: justify;\">Cuarto triunfo espa\u00f1ol en el\u00a0<strong>Concurso de Saltos Internacional de Santander<\/strong>.\u00a0<strong>Felipe P\u00e9rez de Nardiz<\/strong> con \u00abPinocchio Deschardons\u00bb marc\u00f3 el mejor tiempo (59,76 segundos) del <strong>Trofeo Palibex<\/strong>, en el que se registraron trece ceros.\u00a0<strong>Ignacio Rico De Santiago<\/strong> con \u00abPiolin Jgf\u00bb y\u00a0<strong>Javier Guti\u00e9rrez Rilo<\/strong> con \u00abConquistadora\u00bb, completaron el podio de la prueba de 1.30 metros.<\/p>\n<p style=\"text-align: justify;\"><strong>Silvia Diego Pardo<\/strong> fue la \u00fanica amazona c\u00e1ntabra que complet\u00f3 el recorrido sin falta, ocupando el quinto puesto de la clasificaci\u00f3n con \u00abDiamogold\u00bb, mientras que,\u00a0<strong>Borja Villal\u00f3n Puras\u00a0<\/strong>sum\u00f3 un punto por exceso de tiempo y fue\u00a0decimocuarto.<\/p>\n<p style=\"text-align: justify;\">La competici\u00f3n se reanuda esta tarde, a partir de las 15:30 horas con el <strong>Trofeo Igualatorio Cantabria <\/strong>(1.20 metros). El <strong>Trofeo Gobierno de Cantabria<\/strong>, prueba grande de\u00a0la segunda jornada, comenzar\u00e1 a las 18:15 horas.\n<\/p>\n<p>&nbsp;<\/p>\n<p>&nbsp;<\/p>\n<p>&nbsp;<\/p>\n","protected":false},"excerpt":{"rendered":"<p>Victoria de\u00a0Felipe P\u00e9rez de Nardiz en el Trofeo Palibex<\/p>\n","protected":false},"author":1,"featured_media":6373,"comment_status":"closed","ping_status":"closed","sticky":false,"template":"","format":"standard","meta":{"kt_blocks_editor_width":"","_jetpack_memberships_contains_paid_content":false,"footnotes":"","jetpack_publicize_message":"","jetpack_publicize_feature_enabled":true,"jetpack_social_post_already_shared":false,"jetpack_social_options":{"image_generator_settings":{"template":"highway","default_image_id":0,"font":"","enabled":false},"version":2}},"categories":[6],"tags":[],"class_list":["post-6372","post","type-post","status-publish","format-standard","has-post-thumbnail","hentry","category-noticias"],"jetpack_publicize_connections":[],"jetpack_featured_media_url":"https:\/\/i0.wp.com\/federacioncantabradehipica.com\/web\/wp-content\/uploads\/2018\/06\/PLP_2336.jpg?fit=1600%2C1059&ssl=1","jetpack_sharing_enabled":true,"jetpack_shortlink":"https:\/\/wp.me\/p3jrBv-1EM","jetpack_likes_enabled":false,"_links":{"self":[{"href":"https:\/\/federacioncantabradehipica.com\/web\/index.php?rest_route=\/wp\/v2\/posts\/6372","targetHints":{"allow":["GET"]}}],"collection":[{"href":"https:\/\/federacioncantabradehipica.com\/web\/index.php?rest_route=\/wp\/v2\/posts"}],"about":[{"href":"https:\/\/federacioncantabradehipica.com\/web\/index.php?rest_route=\/wp\/v2\/types\/post"}],"author":[{"embeddable":true,"href":"https:\/\/federacioncantabradehipica.com\/web\/index.php?rest_route=\/wp\/v2\/users\/1"}],"replies":[{"embeddable":true,"href":"https:\/\/federacioncantabradehipica.com\/web\/index.php?rest_route=%2Fwp%2Fv2%2Fcomments&post=6372"}],"version-history":[{"count":1,"href":"https:\/\/federacioncantabradehipica.com\/web\/index.php?rest_route=\/wp\/v2\/posts\/6372\/revisions"}],"predecessor-version":[{"id":6374,"href":"https:\/\/federacioncantabradehipica.com\/web\/index.php?rest_route=\/wp\/v2\/posts\/6372\/revisions\/6374"}],"wp:featuredmedia":[{"embeddable":true,"href":"https:\/\/federacioncantabradehipica.com\/web\/index.php?rest_route=\/wp\/v2\/media\/6373"}],"wp:attachment":[{"href":"https:\/\/federacioncantabradehipica.com\/web\/index.php?rest_route=%2Fwp%2Fv2%2Fmedia&parent=6372"}],"wp:term":[{"taxonomy":"category","embeddable":true,"href":"https:\/\/federacioncantabradehipica.com\/web\/index.php?rest_route=%2Fwp%2Fv2%2Fcategories&post=6372"},{"taxonomy":"post_tag","embeddable":true,"href":"https:\/\/federacioncantabradehipica.com\/web\/index.php?rest_route=%2Fwp%2Fv2%2Ftags&post=6372"}],"curies":[{"name":"wp","href":"https:\/\/api.w.org\/{rel}","templated":true}]}}