{"id":6389,"date":"2018-06-30T20:10:11","date_gmt":"2018-06-30T18:10:11","guid":{"rendered":"http:\/\/federacioncantabradehipica.com\/web\/?p=6389"},"modified":"2018-06-30T20:15:46","modified_gmt":"2018-06-30T18:15:46","slug":"saul-gutierrez-oti-cuarto-en-la-prueba-grande-de-la-segunda-jornada-del-csi-santander","status":"publish","type":"post","link":"https:\/\/federacioncantabradehipica.com\/web\/?p=6389","title":{"rendered":"Sa\u00fal Guti\u00e9rrez Ot\u00ed, cuarto en la prueba grande de la segunda jornada del CSI Santander"},"content":{"rendered":"<p style=\"text-align: center;\"><strong>Victoria de\u00a0Luis Fernandez Gil-Fournier en el Trofeo Gobierno de Cantabria<\/strong><!--more--><\/p>\n<figure id=\"attachment_6390\" class=\"thumbnail wp-caption alignright\" style=\"width: 300px\"><img data-recalc-dims=\"1\" loading=\"lazy\" decoding=\"async\" data-attachment-id=\"6390\" data-permalink=\"https:\/\/federacioncantabradehipica.com\/web\/?attachment_id=6390\" data-orig-file=\"https:\/\/i0.wp.com\/federacioncantabradehipica.com\/web\/wp-content\/uploads\/2018\/06\/PLP_1864.jpg?fit=1600%2C1068&amp;ssl=1\" data-orig-size=\"1600,1068\" data-comments-opened=\"0\" data-image-meta=\"{&quot;aperture&quot;:&quot;0&quot;,&quot;credit&quot;:&quot;&quot;,&quot;camera&quot;:&quot;&quot;,&quot;caption&quot;:&quot;&quot;,&quot;created_timestamp&quot;:&quot;0&quot;,&quot;copyright&quot;:&quot;&quot;,&quot;focal_length&quot;:&quot;0&quot;,&quot;iso&quot;:&quot;0&quot;,&quot;shutter_speed&quot;:&quot;0&quot;,&quot;title&quot;:&quot;&quot;,&quot;orientation&quot;:&quot;0&quot;}\" data-image-title=\"PLP_1864\" data-image-description=\"\" data-image-caption=\"\" data-large-file=\"https:\/\/i0.wp.com\/federacioncantabradehipica.com\/web\/wp-content\/uploads\/2018\/06\/PLP_1864.jpg?fit=1024%2C684&amp;ssl=1\" class=\"wp-image-6390 size-medium\" src=\"https:\/\/i0.wp.com\/federacioncantabradehipica.com\/web\/wp-content\/uploads\/2018\/06\/PLP_1864-300x200.jpg?resize=300%2C200\" alt=\"\" width=\"300\" height=\"200\" srcset=\"https:\/\/i0.wp.com\/federacioncantabradehipica.com\/web\/wp-content\/uploads\/2018\/06\/PLP_1864.jpg?resize=300%2C200&amp;ssl=1 300w, https:\/\/i0.wp.com\/federacioncantabradehipica.com\/web\/wp-content\/uploads\/2018\/06\/PLP_1864.jpg?resize=150%2C100&amp;ssl=1 150w, https:\/\/i0.wp.com\/federacioncantabradehipica.com\/web\/wp-content\/uploads\/2018\/06\/PLP_1864.jpg?resize=1024%2C684&amp;ssl=1 1024w, https:\/\/i0.wp.com\/federacioncantabradehipica.com\/web\/wp-content\/uploads\/2018\/06\/PLP_1864.jpg?w=1600&amp;ssl=1 1600w\" sizes=\"auto, (max-width: 300px) 100vw, 300px\" \/><figcaption class=\"caption wp-caption-text\">Saul Guti\u00e9rrez Oti en La Magdalena | Foto: Pablo Lanza<\/figcaption><\/figure>\n<p style=\"text-align: justify;\">La segunda jornada del Concurso de Saltos Internacional de Santander 2018 finaliz\u00f3 con la victoria del jinete militar\u00a0<strong>Luis Fernandez Gil Fournier<\/strong> con \u00abEspinosa\u00bb, que hab\u00eda sido cuarto en la jornada inaugural.\u00a0<strong>Ismael Garc\u00eda Roque<\/strong> con \u00abAstoria JO\u00bb fue segundo y\u00a0 <strong>Diego P\u00e9rez Bilbao<\/strong> con \u00abHelios\u00bb, tercero.<\/p>\n<p style=\"text-align: justify;\">El jinete c\u00e1ntabro, <strong>Sa\u00fal Guti\u00e9rrez Ot\u00ed<\/strong>\u00a0se qued\u00f3 a las puertas del podio, despu\u00e9s de ser tercero con \u00abBicina\u00bb. Recorrido sin falta para\u00a0<strong>Jaime Su\u00e1rez P\u00e9rez<\/strong> con \u00abRoiz de Lamadrid\u00bb, que ocup\u00f3 el d\u00e9cimo puesto.<\/p>\n<p style=\"text-align: justify;\"><strong>Todas las pruebas del domingo se disputar\u00e1n por la ma\u00f1ana\u00a0<\/strong><\/p>\n<p style=\"text-align: justify;\">La tercera jornada del\u00a0XVI Concurso de Saltos Internacional\u00a0de Santander se disputar\u00e1 \u00edntegramente el domingo por la ma\u00f1ana.<\/p>\n<p style=\"text-align: justify;\">El\u00a0Trofeo Oxer\u00a0de 1.20 metros dar\u00e1 comienzo a las 8.30 horas, seguido a las 10.15 horas del\u00a0Trofeo Frigo\u00a0y culminando a las 12.30 horas con el\u00a0Gran Premio CaixaBank.<\/p>\n<p style=\"text-align: justify;\">El Comit\u00e9 Organizador prev\u00e9 terminar a las 14.30 horas para que todos los aficionados tengan tiempo de comer y ver el partido de la Selecci\u00f3n Espa\u00f1ola de f\u00fatbol.<\/p>\n<p style=\"text-align: justify;\">\n","protected":false},"excerpt":{"rendered":"<p>Victoria de\u00a0Luis Fernandez Gil-Fournier en el Trofeo Gobierno de Cantabria<\/p>\n","protected":false},"author":1,"featured_media":6390,"comment_status":"closed","ping_status":"closed","sticky":false,"template":"","format":"standard","meta":{"kt_blocks_editor_width":"","_jetpack_memberships_contains_paid_content":false,"footnotes":"","jetpack_publicize_message":"","jetpack_publicize_feature_enabled":true,"jetpack_social_post_already_shared":false,"jetpack_social_options":{"image_generator_settings":{"template":"highway","default_image_id":0,"font":"","enabled":false},"version":2}},"categories":[6],"tags":[],"class_list":["post-6389","post","type-post","status-publish","format-standard","has-post-thumbnail","hentry","category-noticias"],"jetpack_publicize_connections":[],"jetpack_featured_media_url":"https:\/\/i0.wp.com\/federacioncantabradehipica.com\/web\/wp-content\/uploads\/2018\/06\/PLP_1864.jpg?fit=1600%2C1068&ssl=1","jetpack_sharing_enabled":true,"jetpack_shortlink":"https:\/\/wp.me\/p3jrBv-1F3","jetpack_likes_enabled":false,"_links":{"self":[{"href":"https:\/\/federacioncantabradehipica.com\/web\/index.php?rest_route=\/wp\/v2\/posts\/6389","targetHints":{"allow":["GET"]}}],"collection":[{"href":"https:\/\/federacioncantabradehipica.com\/web\/index.php?rest_route=\/wp\/v2\/posts"}],"about":[{"href":"https:\/\/federacioncantabradehipica.com\/web\/index.php?rest_route=\/wp\/v2\/types\/post"}],"author":[{"embeddable":true,"href":"https:\/\/federacioncantabradehipica.com\/web\/index.php?rest_route=\/wp\/v2\/users\/1"}],"replies":[{"embeddable":true,"href":"https:\/\/federacioncantabradehipica.com\/web\/index.php?rest_route=%2Fwp%2Fv2%2Fcomments&post=6389"}],"version-history":[{"count":4,"href":"https:\/\/federacioncantabradehipica.com\/web\/index.php?rest_route=\/wp\/v2\/posts\/6389\/revisions"}],"predecessor-version":[{"id":6395,"href":"https:\/\/federacioncantabradehipica.com\/web\/index.php?rest_route=\/wp\/v2\/posts\/6389\/revisions\/6395"}],"wp:featuredmedia":[{"embeddable":true,"href":"https:\/\/federacioncantabradehipica.com\/web\/index.php?rest_route=\/wp\/v2\/media\/6390"}],"wp:attachment":[{"href":"https:\/\/federacioncantabradehipica.com\/web\/index.php?rest_route=%2Fwp%2Fv2%2Fmedia&parent=6389"}],"wp:term":[{"taxonomy":"category","embeddable":true,"href":"https:\/\/federacioncantabradehipica.com\/web\/index.php?rest_route=%2Fwp%2Fv2%2Fcategories&post=6389"},{"taxonomy":"post_tag","embeddable":true,"href":"https:\/\/federacioncantabradehipica.com\/web\/index.php?rest_route=%2Fwp%2Fv2%2Ftags&post=6389"}],"curies":[{"name":"wp","href":"https:\/\/api.w.org\/{rel}","templated":true}]}}