{"id":6429,"date":"2018-07-01T22:01:47","date_gmt":"2018-07-01T20:01:47","guid":{"rendered":"http:\/\/federacioncantabradehipica.com\/web\/?p=6429"},"modified":"2018-07-02T12:17:44","modified_gmt":"2018-07-02T10:17:44","slug":"los-federados-cantabros-demuestran-su-gran-nivel-en-el-csi-santander-2018","status":"publish","type":"post","link":"https:\/\/federacioncantabradehipica.com\/web\/?p=6429","title":{"rendered":"Los federados c\u00e1ntabros demuestran su gran nivel en el CSI Santander 2018"},"content":{"rendered":"<p style=\"text-align: center;\"><strong>Destacados resultados de los representantes de la FCH en las nueve pruebas que se han disputado en La Magdalena<\/strong><!--more--><\/p>\n<figure id=\"attachment_6430\" class=\"thumbnail wp-caption alignright\" style=\"width: 300px\"><img data-recalc-dims=\"1\" loading=\"lazy\" decoding=\"async\" data-attachment-id=\"6430\" data-permalink=\"https:\/\/federacioncantabradehipica.com\/web\/?attachment_id=6430\" data-orig-file=\"https:\/\/i0.wp.com\/federacioncantabradehipica.com\/web\/wp-content\/uploads\/2018\/07\/PLP_1841.jpg?fit=1600%2C1068&amp;ssl=1\" data-orig-size=\"1600,1068\" data-comments-opened=\"0\" data-image-meta=\"{&quot;aperture&quot;:&quot;0&quot;,&quot;credit&quot;:&quot;&quot;,&quot;camera&quot;:&quot;&quot;,&quot;caption&quot;:&quot;&quot;,&quot;created_timestamp&quot;:&quot;0&quot;,&quot;copyright&quot;:&quot;&quot;,&quot;focal_length&quot;:&quot;0&quot;,&quot;iso&quot;:&quot;0&quot;,&quot;shutter_speed&quot;:&quot;0&quot;,&quot;title&quot;:&quot;&quot;,&quot;orientation&quot;:&quot;0&quot;}\" data-image-title=\"PLP_1841\" data-image-description=\"\" data-image-caption=\"&lt;p&gt;Jaime Su\u00e1rez fue sexto en el Gran Premio del CSI Santander 2018&lt;\/p&gt;\n\" data-large-file=\"https:\/\/i0.wp.com\/federacioncantabradehipica.com\/web\/wp-content\/uploads\/2018\/07\/PLP_1841.jpg?fit=1024%2C684&amp;ssl=1\" class=\"size-medium wp-image-6430\" src=\"https:\/\/i0.wp.com\/federacioncantabradehipica.com\/web\/wp-content\/uploads\/2018\/07\/PLP_1841-300x200.jpg?resize=300%2C200\" alt=\"\" width=\"300\" height=\"200\" srcset=\"https:\/\/i0.wp.com\/federacioncantabradehipica.com\/web\/wp-content\/uploads\/2018\/07\/PLP_1841.jpg?resize=300%2C200&amp;ssl=1 300w, https:\/\/i0.wp.com\/federacioncantabradehipica.com\/web\/wp-content\/uploads\/2018\/07\/PLP_1841.jpg?resize=150%2C100&amp;ssl=1 150w, https:\/\/i0.wp.com\/federacioncantabradehipica.com\/web\/wp-content\/uploads\/2018\/07\/PLP_1841.jpg?resize=1024%2C684&amp;ssl=1 1024w, https:\/\/i0.wp.com\/federacioncantabradehipica.com\/web\/wp-content\/uploads\/2018\/07\/PLP_1841.jpg?w=1600&amp;ssl=1 1600w\" sizes=\"auto, (max-width: 300px) 100vw, 300px\" \/><figcaption class=\"caption wp-caption-text\">Jaime Su\u00e1rez fue sexto en el Gran Premio del CSI Santander 2018<\/figcaption><\/figure>\n<p style=\"text-align: justify;\">Las segundas posiciones de <strong>Jimena Garc\u00eda<\/strong>\u00a0y <strong>Elena Ruiz<\/strong>, los cuartos puestos conseguidos por <strong>Sa\u00fal Guti\u00e9rrez<\/strong> y <strong>Arid\u00eda Lav\u00edn<\/strong>, o la sexta posici\u00f3n de <strong>Jaime Su\u00e1rez<\/strong> en el Gran Premio, son algunos de los resultados m\u00e1s destacados de los federados c\u00e1ntabros en la\u00a0XVI edici\u00f3n del Concurso de Saltos Internacional de Santander, que se ha disputado durante este fin de semana en La Magdalena.<\/p>\n<ul>\n<li style=\"text-align: justify;\"><strong>Jimena Garc\u00eda Rueda:<\/strong>\u00a0espectacular concurso de la subcampeona de Espa\u00f1a de la categor\u00eda infantil con \u00abQualoe du Gautray\u00bb. La amazona de Equus Jaime Su\u00e1rez se subi\u00f3 al podio en el Trofeo Ayuntamiento de Santander y en el Trofeo Igualatorio Cantabria (se qued\u00f3 a dos cent\u00e9simas del triunfo). En ambas pruebas fue segunda.<\/li>\n<li style=\"text-align: justify;\"><strong>Elena Ruiz Fern\u00e1ndez<\/strong>: la joven amazona de Puente San Miguel, vencedora esta temporada de diferentes pruebas nacionales en el CSN 3* de Segovia,\u00a0CSN 2*, Finca El Pinar o\u00a0CSN 2* Centro H\u00edpico Prezanes, logr\u00f3 la segunda posici\u00f3n en el Trofeo Hotel Real de 1.30 metros con con \u00abTaifas de La Vallarna\u00bb.<\/li>\n<li style=\"text-align: justify;\"><strong>Jaime Su\u00e1rez P\u00e9rez:<\/strong>\u00a0adem\u00e1s de los tres podios logrados por sus alumnas, el jinete c\u00e1ntabro con \u00abRoiz de Lamadrid\u00bb logr\u00f3 una meritoria sexta posici\u00f3n en el Gran Premio del CSI Santander 2018, en donde, tan solo se registraron tres ceros. Adem\u00e1s, fue d\u00e9cimo en el Trofeo Gobierno de Cantabria.<\/li>\n<li style=\"text-align: justify;\"><strong>Sa\u00fal Gutierrez Ot\u00ed:\u00a0<\/strong>compiti\u00f3 en el Internacional con \u00abBicina\u00bb, \u00abCort R32\u00bb y \u00abUtwo de La Thiaunais\u00bb. Su mejor resultado fue la cuarta posici\u00f3n lograda en el Trofeo Gobierno de Cantabria de altura 1.40 metros.<\/li>\n<li style=\"text-align: justify;\"><strong>Pablo D\u00edaz Cuevas:<\/strong>\u00a0el jinete del Club H\u00edpico Heras particip\u00f3 con\u00a0\u00abAlto du Roc\u00bb y \u00abDilmenar\u00bb, con qui\u00e9n fue quinto en el Trofeo Hotel Real (1.30 metros)<\/li>\n<li style=\"text-align: justify;\"><strong>Laura D\u00edez Collado<\/strong>: compiti\u00f3\u00a0con \u00abVeroney de Walyro\u00bb en las pruebas grandes de cada jornada, incluida el Gran Premio, en la que fue 14\u00ba. Su mejor posici\u00f3n fue en el Trofeo Gobierno de Cantabria del s\u00e1bado (12\u00ba).<\/li>\n<li style=\"text-align: justify;\"><strong>Aridia Lav\u00edn Meruelo: <\/strong>la amazona juvenil con \u00abTempo du Serein\u00bb se qued\u00f3 a las puertas del podio, tras ser cuarta en el Trofeo Oxer de 1.20 metros.<\/li>\n<li style=\"text-align: justify;\"><strong>Mar\u00eda Le\u00f3n Gonz\u00e1lez<\/strong>: tras entrar en el top-10 con \u00abCareca de Ruyco\u00bb en el Trofeo Ayuntamiento de Santander, su mejor posici\u00f3n fue el domingo en el Trofeo Oxer, en donde, fue quinta.<\/li>\n<li style=\"text-align: justify;\"><strong>Iv\u00e1n Serrano<\/strong> <strong>Saez<\/strong>: el jinete vasco afincado en Cantabria y n\u00famero 13 del ranking de la Real Federaci\u00f3n Espa\u00f1ola de H\u00edpica particip\u00f3 en el CSI Santander con \u00abOsman del Pas\u00bb y \u00abTam Tam du Valon\u00bb. Fue s\u00e9ptimo en el Trofeo Suzuki del viernes (1.40) y noveno en el Gran Premio CaixaBank (1,45 metros).<\/li>\n<li style=\"text-align: justify;\"><strong>Borja Villal\u00f3n Puras:<\/strong> en su regreso a la competici\u00f3n internacional, el santanderino con \u00abSparrow Z\u00bb compiti\u00f3 en las pruebas de 1.30 metros de cada jornada. Su mejor resultado fue la 14\u00aa posici\u00f3n que consigui\u00f3 el s\u00e1bado en el Trofeo Palibex.<\/li>\n<li><strong>Mar\u00eda Cobo del R\u00edo<\/strong>: la amazona c\u00e1ntabra particip\u00f3 en las pruebas de 1.20 del CSI Santander 2018 con \u00abCandrea\u00bb, su mejor posici\u00f3n fue en el Trofeo Ayuntamiento de Santander (14\u00aa)<\/li>\n<li style=\"text-align: justify;\"><strong>Mar\u00edo Garc\u00eda G\u00f3mez-Otero:<\/strong> particip\u00f3\u00a0con \u00abZabaleta\u00bb en las pruebas de 1.30 metros del viernes y el domingo, y el s\u00e1bado en la de 1.40 metros (26\u00ba).<\/li>\n<\/ul>\n","protected":false},"excerpt":{"rendered":"<p>Destacados resultados de los representantes de la FCH en las nueve pruebas que se han disputado en La Magdalena<\/p>\n","protected":false},"author":1,"featured_media":6432,"comment_status":"closed","ping_status":"closed","sticky":false,"template":"","format":"standard","meta":{"kt_blocks_editor_width":"","_jetpack_memberships_contains_paid_content":false,"footnotes":"","jetpack_publicize_message":"","jetpack_publicize_feature_enabled":true,"jetpack_social_post_already_shared":false,"jetpack_social_options":{"image_generator_settings":{"template":"highway","default_image_id":0,"font":"","enabled":false},"version":2}},"categories":[6],"tags":[],"class_list":["post-6429","post","type-post","status-publish","format-standard","has-post-thumbnail","hentry","category-noticias"],"jetpack_publicize_connections":[],"jetpack_featured_media_url":"https:\/\/i0.wp.com\/federacioncantabradehipica.com\/web\/wp-content\/uploads\/2018\/07\/PLP_2279-002.jpg?fit=1600%2C1066&ssl=1","jetpack_sharing_enabled":true,"jetpack_shortlink":"https:\/\/wp.me\/p3jrBv-1FH","jetpack_likes_enabled":false,"_links":{"self":[{"href":"https:\/\/federacioncantabradehipica.com\/web\/index.php?rest_route=\/wp\/v2\/posts\/6429","targetHints":{"allow":["GET"]}}],"collection":[{"href":"https:\/\/federacioncantabradehipica.com\/web\/index.php?rest_route=\/wp\/v2\/posts"}],"about":[{"href":"https:\/\/federacioncantabradehipica.com\/web\/index.php?rest_route=\/wp\/v2\/types\/post"}],"author":[{"embeddable":true,"href":"https:\/\/federacioncantabradehipica.com\/web\/index.php?rest_route=\/wp\/v2\/users\/1"}],"replies":[{"embeddable":true,"href":"https:\/\/federacioncantabradehipica.com\/web\/index.php?rest_route=%2Fwp%2Fv2%2Fcomments&post=6429"}],"version-history":[{"count":5,"href":"https:\/\/federacioncantabradehipica.com\/web\/index.php?rest_route=\/wp\/v2\/posts\/6429\/revisions"}],"predecessor-version":[{"id":6436,"href":"https:\/\/federacioncantabradehipica.com\/web\/index.php?rest_route=\/wp\/v2\/posts\/6429\/revisions\/6436"}],"wp:featuredmedia":[{"embeddable":true,"href":"https:\/\/federacioncantabradehipica.com\/web\/index.php?rest_route=\/wp\/v2\/media\/6432"}],"wp:attachment":[{"href":"https:\/\/federacioncantabradehipica.com\/web\/index.php?rest_route=%2Fwp%2Fv2%2Fmedia&parent=6429"}],"wp:term":[{"taxonomy":"category","embeddable":true,"href":"https:\/\/federacioncantabradehipica.com\/web\/index.php?rest_route=%2Fwp%2Fv2%2Fcategories&post=6429"},{"taxonomy":"post_tag","embeddable":true,"href":"https:\/\/federacioncantabradehipica.com\/web\/index.php?rest_route=%2Fwp%2Fv2%2Ftags&post=6429"}],"curies":[{"name":"wp","href":"https:\/\/api.w.org\/{rel}","templated":true}]}}