{"id":6468,"date":"2018-07-07T21:26:07","date_gmt":"2018-07-07T19:26:07","guid":{"rendered":"http:\/\/federacioncantabradehipica.com\/web\/?p=6468"},"modified":"2018-07-07T21:56:46","modified_gmt":"2018-07-07T19:56:46","slug":"la-segunda-grande-del-csn-2-gornazo-para-ruben-gomez","status":"publish","type":"post","link":"https:\/\/federacioncantabradehipica.com\/web\/?p=6468","title":{"rendered":"La segunda grande del CSN 2* Equus Gornazo para Rub\u00e9n G\u00f3mez"},"content":{"rendered":"<p style=\"text-align: center;\"><strong>Roc\u00edo L\u00e1zaro vence en el Peque\u00f1o Gran Premio con \u00abInfamia\u00bb<\/strong><!--more--><\/p>\n<p style=\"text-align: justify;\"><img data-recalc-dims=\"1\" loading=\"lazy\" decoding=\"async\" data-attachment-id=\"6469\" data-permalink=\"https:\/\/federacioncantabradehipica.com\/web\/?attachment_id=6469\" data-orig-file=\"https:\/\/i0.wp.com\/federacioncantabradehipica.com\/web\/wp-content\/uploads\/2018\/07\/36504966145_1b778bcbec_h.jpg?fit=1600%2C1067&amp;ssl=1\" data-orig-size=\"1600,1067\" data-comments-opened=\"0\" data-image-meta=\"{&quot;aperture&quot;:&quot;0&quot;,&quot;credit&quot;:&quot;&quot;,&quot;camera&quot;:&quot;&quot;,&quot;caption&quot;:&quot;&quot;,&quot;created_timestamp&quot;:&quot;0&quot;,&quot;copyright&quot;:&quot;&quot;,&quot;focal_length&quot;:&quot;0&quot;,&quot;iso&quot;:&quot;0&quot;,&quot;shutter_speed&quot;:&quot;0&quot;,&quot;title&quot;:&quot;&quot;,&quot;orientation&quot;:&quot;0&quot;}\" data-image-title=\"federacion cantabra de hipica\" data-image-description=\"\" data-image-caption=\"\" data-large-file=\"https:\/\/i0.wp.com\/federacioncantabradehipica.com\/web\/wp-content\/uploads\/2018\/07\/36504966145_1b778bcbec_h.jpg?fit=1024%2C683&amp;ssl=1\" class=\"size-medium wp-image-6469 alignright\" src=\"https:\/\/i0.wp.com\/federacioncantabradehipica.com\/web\/wp-content\/uploads\/2018\/07\/36504966145_1b778bcbec_h-300x200.jpg?resize=300%2C200\" alt=\"\" width=\"300\" height=\"200\" srcset=\"https:\/\/i0.wp.com\/federacioncantabradehipica.com\/web\/wp-content\/uploads\/2018\/07\/36504966145_1b778bcbec_h.jpg?resize=300%2C200&amp;ssl=1 300w, https:\/\/i0.wp.com\/federacioncantabradehipica.com\/web\/wp-content\/uploads\/2018\/07\/36504966145_1b778bcbec_h.jpg?resize=150%2C100&amp;ssl=1 150w, https:\/\/i0.wp.com\/federacioncantabradehipica.com\/web\/wp-content\/uploads\/2018\/07\/36504966145_1b778bcbec_h.jpg?resize=1024%2C683&amp;ssl=1 1024w, https:\/\/i0.wp.com\/federacioncantabradehipica.com\/web\/wp-content\/uploads\/2018\/07\/36504966145_1b778bcbec_h.jpg?w=1600&amp;ssl=1 1600w\" sizes=\"auto, (max-width: 300px) 100vw, 300px\" \/><strong>Rub\u00e9n G\u00f3mez Crespo<\/strong> con \u00abArramis\u00bb venci\u00f3 en la prueba de 1.30 metros de la segunda jornada del <strong>Concurso de Saltos Nacional 2* Equus Gornazo<\/strong>. El jinete vasco sum\u00f3 el mejor tiempo en la segunda fase del recorrido, en la que <strong>\u00c1lvaro Gonz\u00e1lez de Z\u00e1rate<\/strong> con \u00abDua Bali\u00bb fue segundo y <strong>Leonardo Pereyra<\/strong>, gran protagonista del viernes, con \u00abQuinsan Gran\u00bb. Destacada actuaci\u00f3n de los federados c\u00e1ntabros <strong>Luis Ceano-Vivas Pradal<\/strong> con \u00abUmbo du Medoc\u00bb y <strong>David Gonz\u00e1lez Herrera<\/strong> con \u00abLuna de Ruyco, que ocuparon el cuarto y quinto puesto, respectivamente.<\/p>\n<p style=\"text-align: justify;\">El Peque\u00f1o Gran Premio (PGP) patrocinado por el Centro Porsche Bilbao fue para <strong>Roc\u00edo L\u00e1zaro<\/strong> con \u00abInfamia\u00bb, gracias al \u00fanico cero que hubo en el desempate, al que tambi\u00e9n accedi\u00f3 <strong>Leonardo Pereyra<\/strong> con \u00abTamarid de Olid\u00bb (2\u00ba). Complet\u00f3 el podio <strong>Taragh Dyer<\/strong> con \u00abTelemaqe de C&#8217;repin\u00bb.<\/p>\n<p style=\"text-align: justify;\"><strong>Rom\u00e1n Gil C\u00e1ceres<\/strong> con \u00abSportman de Toultia\u00bb gan\u00f3 la prueba de 1.10 metros &#8211; Prueba Asesor\u00eda D\u00edaz Villegas. El jinete juvenil c\u00e1ntabro <strong>Javier Corpas Galarza<\/strong> fue segundo con \u00abBlondy\u00bb y <strong>Xabier Cabezas<\/strong>, tercero con \u00abGinebra C\u00bb.<\/p>\n<ul>\n<li><a href=\"http:\/\/federacioncantabradehipica.com\/web\/?tribe_events=csn-2-gornazo\"><strong>Resultados y \u00f3rdenes de salida<\/strong><\/a><\/li>\n<\/ul>\n","protected":false},"excerpt":{"rendered":"<p>Roc\u00edo L\u00e1zaro vence en el Peque\u00f1o Gran Premio con \u00abInfamia\u00bb<\/p>\n","protected":false},"author":1,"featured_media":6469,"comment_status":"closed","ping_status":"closed","sticky":false,"template":"","format":"standard","meta":{"kt_blocks_editor_width":"","_jetpack_memberships_contains_paid_content":false,"footnotes":"","jetpack_publicize_message":"","jetpack_publicize_feature_enabled":true,"jetpack_social_post_already_shared":false,"jetpack_social_options":{"image_generator_settings":{"template":"highway","default_image_id":0,"font":"","enabled":false},"version":2}},"categories":[6],"tags":[],"class_list":["post-6468","post","type-post","status-publish","format-standard","has-post-thumbnail","hentry","category-noticias"],"jetpack_publicize_connections":[],"jetpack_featured_media_url":"https:\/\/i0.wp.com\/federacioncantabradehipica.com\/web\/wp-content\/uploads\/2018\/07\/36504966145_1b778bcbec_h.jpg?fit=1600%2C1067&ssl=1","jetpack_sharing_enabled":true,"jetpack_shortlink":"https:\/\/wp.me\/p3jrBv-1Gk","jetpack_likes_enabled":false,"_links":{"self":[{"href":"https:\/\/federacioncantabradehipica.com\/web\/index.php?rest_route=\/wp\/v2\/posts\/6468","targetHints":{"allow":["GET"]}}],"collection":[{"href":"https:\/\/federacioncantabradehipica.com\/web\/index.php?rest_route=\/wp\/v2\/posts"}],"about":[{"href":"https:\/\/federacioncantabradehipica.com\/web\/index.php?rest_route=\/wp\/v2\/types\/post"}],"author":[{"embeddable":true,"href":"https:\/\/federacioncantabradehipica.com\/web\/index.php?rest_route=\/wp\/v2\/users\/1"}],"replies":[{"embeddable":true,"href":"https:\/\/federacioncantabradehipica.com\/web\/index.php?rest_route=%2Fwp%2Fv2%2Fcomments&post=6468"}],"version-history":[{"count":6,"href":"https:\/\/federacioncantabradehipica.com\/web\/index.php?rest_route=\/wp\/v2\/posts\/6468\/revisions"}],"predecessor-version":[{"id":6476,"href":"https:\/\/federacioncantabradehipica.com\/web\/index.php?rest_route=\/wp\/v2\/posts\/6468\/revisions\/6476"}],"wp:featuredmedia":[{"embeddable":true,"href":"https:\/\/federacioncantabradehipica.com\/web\/index.php?rest_route=\/wp\/v2\/media\/6469"}],"wp:attachment":[{"href":"https:\/\/federacioncantabradehipica.com\/web\/index.php?rest_route=%2Fwp%2Fv2%2Fmedia&parent=6468"}],"wp:term":[{"taxonomy":"category","embeddable":true,"href":"https:\/\/federacioncantabradehipica.com\/web\/index.php?rest_route=%2Fwp%2Fv2%2Fcategories&post=6468"},{"taxonomy":"post_tag","embeddable":true,"href":"https:\/\/federacioncantabradehipica.com\/web\/index.php?rest_route=%2Fwp%2Fv2%2Ftags&post=6468"}],"curies":[{"name":"wp","href":"https:\/\/api.w.org\/{rel}","templated":true}]}}