{"id":6479,"date":"2018-07-09T08:33:30","date_gmt":"2018-07-09T06:33:30","guid":{"rendered":"http:\/\/federacioncantabradehipica.com\/web\/?p=6479"},"modified":"2018-07-09T22:29:33","modified_gmt":"2018-07-09T20:29:33","slug":"ruben-gomez-conquista-el-gran-premio-del-csn-2-equus-gornazo","status":"publish","type":"post","link":"https:\/\/federacioncantabradehipica.com\/web\/?p=6479","title":{"rendered":"Rub\u00e9n G\u00f3mez conquista el Gran Premio del CSN 2* Equus Gornazo"},"content":{"rendered":"<p style=\"text-align: center;\"><strong>Victoria de Taragh Dyer en la prueba de 1.20 metros y de la c\u00e1ntabra Teresa G\u00f3mez en la de 1.10 metros<\/strong><!--more--><\/p>\n<p><img data-recalc-dims=\"1\" loading=\"lazy\" decoding=\"async\" data-attachment-id=\"6480\" data-permalink=\"https:\/\/federacioncantabradehipica.com\/web\/?attachment_id=6480\" data-orig-file=\"https:\/\/i0.wp.com\/federacioncantabradehipica.com\/web\/wp-content\/uploads\/2018\/07\/36803342_1856707634633367_7542180081804771328_n.jpg?fit=960%2C720&amp;ssl=1\" data-orig-size=\"960,720\" data-comments-opened=\"0\" data-image-meta=\"{&quot;aperture&quot;:&quot;0&quot;,&quot;credit&quot;:&quot;&quot;,&quot;camera&quot;:&quot;&quot;,&quot;caption&quot;:&quot;&quot;,&quot;created_timestamp&quot;:&quot;0&quot;,&quot;copyright&quot;:&quot;&quot;,&quot;focal_length&quot;:&quot;0&quot;,&quot;iso&quot;:&quot;0&quot;,&quot;shutter_speed&quot;:&quot;0&quot;,&quot;title&quot;:&quot;&quot;,&quot;orientation&quot;:&quot;0&quot;}\" data-image-title=\"36803342_1856707634633367_7542180081804771328_n\" data-image-description=\"\" data-image-caption=\"\" data-large-file=\"https:\/\/i0.wp.com\/federacioncantabradehipica.com\/web\/wp-content\/uploads\/2018\/07\/36803342_1856707634633367_7542180081804771328_n.jpg?fit=960%2C720&amp;ssl=1\" class=\"size-medium wp-image-6480 alignright\" src=\"https:\/\/i0.wp.com\/federacioncantabradehipica.com\/web\/wp-content\/uploads\/2018\/07\/36803342_1856707634633367_7542180081804771328_n-300x225.jpg?resize=300%2C225\" alt=\"\" width=\"300\" height=\"225\" srcset=\"https:\/\/i0.wp.com\/federacioncantabradehipica.com\/web\/wp-content\/uploads\/2018\/07\/36803342_1856707634633367_7542180081804771328_n.jpg?resize=300%2C225&amp;ssl=1 300w, https:\/\/i0.wp.com\/federacioncantabradehipica.com\/web\/wp-content\/uploads\/2018\/07\/36803342_1856707634633367_7542180081804771328_n.jpg?resize=150%2C113&amp;ssl=1 150w, https:\/\/i0.wp.com\/federacioncantabradehipica.com\/web\/wp-content\/uploads\/2018\/07\/36803342_1856707634633367_7542180081804771328_n.jpg?w=960&amp;ssl=1 960w\" sizes=\"auto, (max-width: 300px) 100vw, 300px\" \/><\/p>\n<p style=\"text-align: justify;\">Gran fin de semana para <strong>Rub\u00e9n G\u00f3mez Crespo<\/strong>, tras ser quinto el viernes y ganar la prueba grande del s\u00e1bado, acab\u00f3 el <strong>Concurso de Saltos Nacional 2* Equus Gornazo<\/strong> dominando el Gran Premio Excmo. Ayuntamiento de Miengo con \u00abMurillo del Sol\u00bb.<\/p>\n<p style=\"text-align: justify;\">El jinete vasco sum\u00f3 el mejor tiempo de un desempate al que accedieron diez binomios y en el que tan solo hubo cuatro ceros.<\/p>\n<p style=\"text-align: justify;\"><strong>Leonardo Pereyra<\/strong>, otro de los grandes protagonistas del concurso, fue segundo con \u00abQuinsan Gran\u00bb, mientras que, <strong>\u00c1lvaro Gonz\u00e1lez de Z\u00e1rate<\/strong> complet\u00f3 el podio con \u00abNasander del Pas\u00bb.<\/p>\n<p style=\"text-align: justify;\">En la prueba de 1.20 metros patrocinada por la Cl\u00ednica Dr. Rumoroso, la victoria se la llev\u00f3 <strong>Taragh Dyer<\/strong> con \u00abTelemaqe de C`Repin\u00bb. <strong>Paula Uriarte<\/strong> con \u00abDamasco\u00bb y <strong>Nerea Onaindia<\/strong> con \u00abOkaya de Gautray\u00bb, ocuparon el segundo y tercer puesto, respectivamente.<\/p>\n<p style=\"text-align: justify;\"><strong>Teresa G\u00f3mez<\/strong> gan\u00f3 la prueba de 1.10 metros &#8211; Mirame Santander con \u00abLord Tebar\u00bb. <strong>Carmen Ortueta<\/strong> con \u00abAlba de Adriano\u00bb fue segunda y <strong>Aida de la Herr\u00e1n<\/strong> con \u00abHurican du Sud\u00bb, tercero.<\/p>\n<ul>\n<li><a href=\"http:\/\/federacioncantabradehipica.com\/web\/?tribe_events=csn-2-gornazo\"><strong>Resultados<\/strong><\/a><\/li>\n<\/ul>\n","protected":false},"excerpt":{"rendered":"<p>Victoria de Taragh Dyer en la prueba de 1.20 metros y de la c\u00e1ntabra Teresa G\u00f3mez en la de 1.10 metros<\/p>\n","protected":false},"author":1,"featured_media":6480,"comment_status":"closed","ping_status":"closed","sticky":false,"template":"","format":"standard","meta":{"kt_blocks_editor_width":"","_jetpack_memberships_contains_paid_content":false,"footnotes":"","jetpack_publicize_message":"","jetpack_publicize_feature_enabled":true,"jetpack_social_post_already_shared":false,"jetpack_social_options":{"image_generator_settings":{"template":"highway","default_image_id":0,"font":"","enabled":false},"version":2}},"categories":[6],"tags":[],"class_list":["post-6479","post","type-post","status-publish","format-standard","has-post-thumbnail","hentry","category-noticias"],"jetpack_publicize_connections":[],"jetpack_featured_media_url":"https:\/\/i0.wp.com\/federacioncantabradehipica.com\/web\/wp-content\/uploads\/2018\/07\/36803342_1856707634633367_7542180081804771328_n.jpg?fit=960%2C720&ssl=1","jetpack_sharing_enabled":true,"jetpack_shortlink":"https:\/\/wp.me\/p3jrBv-1Gv","jetpack_likes_enabled":false,"_links":{"self":[{"href":"https:\/\/federacioncantabradehipica.com\/web\/index.php?rest_route=\/wp\/v2\/posts\/6479","targetHints":{"allow":["GET"]}}],"collection":[{"href":"https:\/\/federacioncantabradehipica.com\/web\/index.php?rest_route=\/wp\/v2\/posts"}],"about":[{"href":"https:\/\/federacioncantabradehipica.com\/web\/index.php?rest_route=\/wp\/v2\/types\/post"}],"author":[{"embeddable":true,"href":"https:\/\/federacioncantabradehipica.com\/web\/index.php?rest_route=\/wp\/v2\/users\/1"}],"replies":[{"embeddable":true,"href":"https:\/\/federacioncantabradehipica.com\/web\/index.php?rest_route=%2Fwp%2Fv2%2Fcomments&post=6479"}],"version-history":[{"count":4,"href":"https:\/\/federacioncantabradehipica.com\/web\/index.php?rest_route=\/wp\/v2\/posts\/6479\/revisions"}],"predecessor-version":[{"id":6490,"href":"https:\/\/federacioncantabradehipica.com\/web\/index.php?rest_route=\/wp\/v2\/posts\/6479\/revisions\/6490"}],"wp:featuredmedia":[{"embeddable":true,"href":"https:\/\/federacioncantabradehipica.com\/web\/index.php?rest_route=\/wp\/v2\/media\/6480"}],"wp:attachment":[{"href":"https:\/\/federacioncantabradehipica.com\/web\/index.php?rest_route=%2Fwp%2Fv2%2Fmedia&parent=6479"}],"wp:term":[{"taxonomy":"category","embeddable":true,"href":"https:\/\/federacioncantabradehipica.com\/web\/index.php?rest_route=%2Fwp%2Fv2%2Fcategories&post=6479"},{"taxonomy":"post_tag","embeddable":true,"href":"https:\/\/federacioncantabradehipica.com\/web\/index.php?rest_route=%2Fwp%2Fv2%2Ftags&post=6479"}],"curies":[{"name":"wp","href":"https:\/\/api.w.org\/{rel}","templated":true}]}}