{"id":6482,"date":"2018-07-09T22:44:48","date_gmt":"2018-07-09T20:44:48","guid":{"rendered":"http:\/\/federacioncantabradehipica.com\/web\/?p=6482"},"modified":"2018-07-09T22:47:19","modified_gmt":"2018-07-09T20:47:19","slug":"roberto-laherran-se-proclama-subcampeon-de-espana-de-veteranos-de-raid","status":"publish","type":"post","link":"https:\/\/federacioncantabradehipica.com\/web\/?p=6482","title":{"rendered":"Roberto Laherr\u00e1n se proclama subcampe\u00f3n de Espa\u00f1a de veteranos de raid"},"content":{"rendered":"<p style=\"text-align: center;\"><strong>El jinete c\u00e1ntabro se subi\u00f3 al podio con \u00abBambalina de Cueto\u00bb<\/strong><br \/>\n<!--more--><\/p>\n<p style=\"text-align: justify;\"><img data-recalc-dims=\"1\" loading=\"lazy\" decoding=\"async\" data-attachment-id=\"6483\" data-permalink=\"https:\/\/federacioncantabradehipica.com\/web\/?attachment_id=6483\" data-orig-file=\"https:\/\/i0.wp.com\/federacioncantabradehipica.com\/web\/wp-content\/uploads\/2018\/07\/4755896c-51c3-4672-bcbe-ddfcbad21684.jpg?fit=1600%2C960&amp;ssl=1\" data-orig-size=\"1600,960\" data-comments-opened=\"0\" data-image-meta=\"{&quot;aperture&quot;:&quot;0&quot;,&quot;credit&quot;:&quot;&quot;,&quot;camera&quot;:&quot;&quot;,&quot;caption&quot;:&quot;&quot;,&quot;created_timestamp&quot;:&quot;0&quot;,&quot;copyright&quot;:&quot;&quot;,&quot;focal_length&quot;:&quot;0&quot;,&quot;iso&quot;:&quot;0&quot;,&quot;shutter_speed&quot;:&quot;0&quot;,&quot;title&quot;:&quot;&quot;,&quot;orientation&quot;:&quot;0&quot;}\" data-image-title=\"FCH\" data-image-description=\"\" data-image-caption=\"\" data-large-file=\"https:\/\/i0.wp.com\/federacioncantabradehipica.com\/web\/wp-content\/uploads\/2018\/07\/4755896c-51c3-4672-bcbe-ddfcbad21684.jpg?fit=1024%2C614&amp;ssl=1\" class=\"size-medium wp-image-6483 alignright\" src=\"https:\/\/i0.wp.com\/federacioncantabradehipica.com\/web\/wp-content\/uploads\/2018\/07\/4755896c-51c3-4672-bcbe-ddfcbad21684-300x180.jpg?resize=300%2C180\" alt=\"\" width=\"300\" height=\"180\" srcset=\"https:\/\/i0.wp.com\/federacioncantabradehipica.com\/web\/wp-content\/uploads\/2018\/07\/4755896c-51c3-4672-bcbe-ddfcbad21684.jpg?resize=300%2C180&amp;ssl=1 300w, https:\/\/i0.wp.com\/federacioncantabradehipica.com\/web\/wp-content\/uploads\/2018\/07\/4755896c-51c3-4672-bcbe-ddfcbad21684.jpg?resize=150%2C90&amp;ssl=1 150w, https:\/\/i0.wp.com\/federacioncantabradehipica.com\/web\/wp-content\/uploads\/2018\/07\/4755896c-51c3-4672-bcbe-ddfcbad21684.jpg?resize=1024%2C614&amp;ssl=1 1024w, https:\/\/i0.wp.com\/federacioncantabradehipica.com\/web\/wp-content\/uploads\/2018\/07\/4755896c-51c3-4672-bcbe-ddfcbad21684.jpg?w=1600&amp;ssl=1 1600w\" sizes=\"auto, (max-width: 300px) 100vw, 300px\" \/>Este pasado domingo, <strong>Roberto Laherr\u00e1n Fern\u00e1ndez<\/strong> montando a \u00ab<strong>Bambalina de Cueto<\/strong>\u00ab,\u00a0caballo nacido y criado en Cantabria, se proclam\u00f3 subcampe\u00f3n de Espa\u00f1a en la categor\u00eda de veteranos de raid.<\/p>\n<p style=\"text-align: justify;\">El Criterium de Veteranos se disput\u00f3 sobre una prueba FEI de categor\u00eda CEI\/CEN1* sobre 82 kilo\u0301metros en 3 fases de 31, 31 y 20 en Xinzo de Limia (Orense), y cont\u00f3 con un total de 30 participantes, en la que el ganador fue el jinete gallego F\u00e9lix Lorente.<\/p>\n<p style=\"text-align: justify;\">Adem\u00e1s, durante el fin de semana se disput\u00f3 el CEI\/CEN2** del Campeonato de Espan\u0303a Amateur de Raid 2018.<\/p>\n","protected":false},"excerpt":{"rendered":"<p>El jinete c\u00e1ntabro se subi\u00f3 al podio con \u00abBambalina de Cueto\u00bb<\/p>\n","protected":false},"author":1,"featured_media":6483,"comment_status":"closed","ping_status":"closed","sticky":false,"template":"","format":"standard","meta":{"kt_blocks_editor_width":"","_jetpack_memberships_contains_paid_content":false,"footnotes":"","jetpack_publicize_message":"","jetpack_publicize_feature_enabled":true,"jetpack_social_post_already_shared":false,"jetpack_social_options":{"image_generator_settings":{"template":"highway","default_image_id":0,"font":"","enabled":false},"version":2}},"categories":[6],"tags":[],"class_list":["post-6482","post","type-post","status-publish","format-standard","has-post-thumbnail","hentry","category-noticias"],"jetpack_publicize_connections":[],"jetpack_featured_media_url":"https:\/\/i0.wp.com\/federacioncantabradehipica.com\/web\/wp-content\/uploads\/2018\/07\/4755896c-51c3-4672-bcbe-ddfcbad21684.jpg?fit=1600%2C960&ssl=1","jetpack_sharing_enabled":true,"jetpack_shortlink":"https:\/\/wp.me\/p3jrBv-1Gy","jetpack_likes_enabled":false,"_links":{"self":[{"href":"https:\/\/federacioncantabradehipica.com\/web\/index.php?rest_route=\/wp\/v2\/posts\/6482","targetHints":{"allow":["GET"]}}],"collection":[{"href":"https:\/\/federacioncantabradehipica.com\/web\/index.php?rest_route=\/wp\/v2\/posts"}],"about":[{"href":"https:\/\/federacioncantabradehipica.com\/web\/index.php?rest_route=\/wp\/v2\/types\/post"}],"author":[{"embeddable":true,"href":"https:\/\/federacioncantabradehipica.com\/web\/index.php?rest_route=\/wp\/v2\/users\/1"}],"replies":[{"embeddable":true,"href":"https:\/\/federacioncantabradehipica.com\/web\/index.php?rest_route=%2Fwp%2Fv2%2Fcomments&post=6482"}],"version-history":[{"count":3,"href":"https:\/\/federacioncantabradehipica.com\/web\/index.php?rest_route=\/wp\/v2\/posts\/6482\/revisions"}],"predecessor-version":[{"id":6491,"href":"https:\/\/federacioncantabradehipica.com\/web\/index.php?rest_route=\/wp\/v2\/posts\/6482\/revisions\/6491"}],"wp:featuredmedia":[{"embeddable":true,"href":"https:\/\/federacioncantabradehipica.com\/web\/index.php?rest_route=\/wp\/v2\/media\/6483"}],"wp:attachment":[{"href":"https:\/\/federacioncantabradehipica.com\/web\/index.php?rest_route=%2Fwp%2Fv2%2Fmedia&parent=6482"}],"wp:term":[{"taxonomy":"category","embeddable":true,"href":"https:\/\/federacioncantabradehipica.com\/web\/index.php?rest_route=%2Fwp%2Fv2%2Fcategories&post=6482"},{"taxonomy":"post_tag","embeddable":true,"href":"https:\/\/federacioncantabradehipica.com\/web\/index.php?rest_route=%2Fwp%2Fv2%2Ftags&post=6482"}],"curies":[{"name":"wp","href":"https:\/\/api.w.org\/{rel}","templated":true}]}}