{"id":649,"date":"2013-04-19T23:16:07","date_gmt":"2013-04-19T21:16:07","guid":{"rendered":"http:\/\/federacioncantabradehipica.com\/web\/?p=649"},"modified":"2013-06-04T13:42:25","modified_gmt":"2013-06-04T11:42:25","slug":"kevin-gonzalez-de-zarate-protagonista-de-la-primera-jornada-del-csn-laredo","status":"publish","type":"post","link":"https:\/\/federacioncantabradehipica.com\/web\/?p=649","title":{"rendered":"Kevin Gonz\u00e1lez de Z\u00e1rate, protagonista de la primera jornada del CSN Laredo"},"content":{"rendered":"<p style=\"text-align: center;\">El jinete\u00a0vitoriano gan\u00f3 la prueba mediana y grande de la jornada inaugural del CSN Laredo<\/p>\n<p style=\"text-align: center;\"><!--more--><\/p>\n<p style=\"text-align: justify;\">Arranc\u00f3 el CSN*-E Laredo con el triunfo, por partida doble, de <strong>Kev\u00edn Gonz\u00e1lez de Z\u00e1rate<\/strong>. El de Vitoria gan\u00f3 la prueba grande con &#8216;<strong>Jumes Sport Chi-Kung<\/strong>&#8216;, segundo y tercero fue <strong>Herve Duhaut <\/strong>con &#8216;Nabis Des Etisses y &#8216;Quite a Chance&#8217;, respectivamente.\u00a0<strong>Gonz\u00e1lez de Z\u00e1rate\u00a0<\/strong>tambi\u00e9n gan\u00f3 la prueba de 1.20 metros, esta vez con &#8216;Lucy 22&#8217;, segundo fue el c\u00e1ntabro <strong>Jaime Su\u00e1rez<\/strong> con &#8216;Dimenar de Wallyro&#8217; y tercero <strong>Herve Duhaut<\/strong> con &#8216;Twan&#8217;.<\/p>\n<p style=\"text-align: justify;\">El CSN*-E Laredo cuenta con un n\u00famero de concursantes inscritos que supera los 160, dato que debe destacarse, pues a pesar de la coincidencia en las fechas con otros concursos nacionales, el atractivo de Laredo sigue siendo muy importante como lo demuestra, una vez m\u00e1s, el elevado n\u00famero de participantes que se han vuelto a dar cita en esta convocatoria.<\/p>\n<p style=\"text-align: justify;\">A los jinetes y amazonas de Cantabria, se unir\u00e1n otros de diferentes Comunidades Aut\u00f3nomas, teniendo una aportaci\u00f3n relevante el vecino Pa\u00eds Vasco, Madrid que siempre aporta un nutrido grupo de participantes, Castilla-Le\u00f3n , Navarra, Arag\u00f3n, Asturias etc.<\/p>\n<p style=\"text-align: justify;\">Ma\u00f1ana s\u00e1bado se disputar\u00e1 el peque\u00f1o Gran Premio, mientras que, el domingo 15 se celebrar\u00e1 el Gran Premio del concurso: Grupo III (1,35 m), que dar\u00e1 por finalizado el mismo.<\/p>\n<p style=\"text-align: justify;\">Como en las ediciones anteriores, prestan su colaboraci\u00f3n y apoyo a la realizaci\u00f3n de este concurso entidades diversas, entre las que cabe destacar especialmente al Excmo. Ayuntamiento de Laredo y La Federaci\u00f3n Ca\u00e1ntabra de H\u00edpica como otros patrocinadores de la zona como Sanidad Animal y Vegetal Agrocampo, Instalaciones El\u00e9ctricas Pedro Negrete, Fontaner\u00eda Montes, Piensos Fabrona, Restautante Palmanova, Alquiler y venta de maquinaria para la construcci\u00f3n Canalsa, Cafeteria As\u00f3n, Viveros el Juncal, Amavisca Asesores, Instalaciones Electricas Pedro Negrete, Equites Tienda Hipica Sanidad Animal El\u00edas Ortiz, Racer, Bodegas Vega de Terra, Talleres Nazabal, Auto Recambios Cavadas y Agencia de Seguros GES.<\/p>\n<h2 style=\"text-align: center;\"><a href=\"http:\/\/federacioncantabradehipica.com\/web\/?p=57\"><strong>RESULTADOS Y \u00d3RDENES DE SALIDA<\/strong><\/a><\/h2>\n<h2 style=\"text-align: center;\"><a href=\"http:\/\/www.facebook.com\/media\/set\/?set=a.526303287405738.1073741891.505823252787075&amp;type=1&amp;l=2cdea792f2\">GALER\u00cdA DE FOTOS<\/a><\/h2>\n","protected":false},"excerpt":{"rendered":"<p>El jinete\u00a0vitoriano gan\u00f3 la prueba mediana y grande de la jornada inaugural del CSN Laredo<\/p>\n","protected":false},"author":1,"featured_media":652,"comment_status":"closed","ping_status":"closed","sticky":false,"template":"","format":"standard","meta":{"kt_blocks_editor_width":"","_jetpack_memberships_contains_paid_content":false,"footnotes":"","jetpack_publicize_message":"","jetpack_publicize_feature_enabled":true,"jetpack_social_post_already_shared":false,"jetpack_social_options":{"image_generator_settings":{"template":"highway","default_image_id":0,"font":"","enabled":false},"version":2}},"categories":[6],"tags":[32],"class_list":["post-649","post","type-post","status-publish","format-standard","has-post-thumbnail","hentry","category-noticias","tag-salto"],"jetpack_publicize_connections":[],"jetpack_featured_media_url":"https:\/\/i0.wp.com\/federacioncantabradehipica.com\/web\/wp-content\/uploads\/2013\/04\/kevin.jpg?fit=2250%2C1497&ssl=1","jetpack_sharing_enabled":true,"jetpack_shortlink":"https:\/\/wp.me\/p3jrBv-at","jetpack_likes_enabled":false,"_links":{"self":[{"href":"https:\/\/federacioncantabradehipica.com\/web\/index.php?rest_route=\/wp\/v2\/posts\/649","targetHints":{"allow":["GET"]}}],"collection":[{"href":"https:\/\/federacioncantabradehipica.com\/web\/index.php?rest_route=\/wp\/v2\/posts"}],"about":[{"href":"https:\/\/federacioncantabradehipica.com\/web\/index.php?rest_route=\/wp\/v2\/types\/post"}],"author":[{"embeddable":true,"href":"https:\/\/federacioncantabradehipica.com\/web\/index.php?rest_route=\/wp\/v2\/users\/1"}],"replies":[{"embeddable":true,"href":"https:\/\/federacioncantabradehipica.com\/web\/index.php?rest_route=%2Fwp%2Fv2%2Fcomments&post=649"}],"version-history":[{"count":7,"href":"https:\/\/federacioncantabradehipica.com\/web\/index.php?rest_route=\/wp\/v2\/posts\/649\/revisions"}],"predecessor-version":[{"id":651,"href":"https:\/\/federacioncantabradehipica.com\/web\/index.php?rest_route=\/wp\/v2\/posts\/649\/revisions\/651"}],"wp:featuredmedia":[{"embeddable":true,"href":"https:\/\/federacioncantabradehipica.com\/web\/index.php?rest_route=\/wp\/v2\/media\/652"}],"wp:attachment":[{"href":"https:\/\/federacioncantabradehipica.com\/web\/index.php?rest_route=%2Fwp%2Fv2%2Fmedia&parent=649"}],"wp:term":[{"taxonomy":"category","embeddable":true,"href":"https:\/\/federacioncantabradehipica.com\/web\/index.php?rest_route=%2Fwp%2Fv2%2Fcategories&post=649"},{"taxonomy":"post_tag","embeddable":true,"href":"https:\/\/federacioncantabradehipica.com\/web\/index.php?rest_route=%2Fwp%2Fv2%2Ftags&post=649"}],"curies":[{"name":"wp","href":"https:\/\/api.w.org\/{rel}","templated":true}]}}