{"id":6492,"date":"2018-07-12T09:26:14","date_gmt":"2018-07-12T07:26:14","guid":{"rendered":"http:\/\/federacioncantabradehipica.com\/web\/?p=6492"},"modified":"2018-07-12T09:26:14","modified_gmt":"2018-07-12T07:26:14","slug":"aralar-gomez-medalla-de-bronce-en-el-campeonato-de-espana-de-trec","status":"publish","type":"post","link":"https:\/\/federacioncantabradehipica.com\/web\/?p=6492","title":{"rendered":"Aralar G\u00f3mez, medalla de bronce en el Campeonato de Espa\u00f1a de TREC"},"content":{"rendered":"<p style=\"text-align: center;\"><strong>Contin\u00faa la buena temporada para la h\u00edpica c\u00e1ntabra en este 2018<\/strong><!--more--><\/p>\n<p style=\"text-align: justify;\"><strong><img data-recalc-dims=\"1\" loading=\"lazy\" decoding=\"async\" data-attachment-id=\"6493\" data-permalink=\"https:\/\/federacioncantabradehipica.com\/web\/?attachment_id=6493\" data-orig-file=\"https:\/\/i0.wp.com\/federacioncantabradehipica.com\/web\/wp-content\/uploads\/2018\/07\/podio-trec.png?fit=840%2C477&amp;ssl=1\" data-orig-size=\"840,477\" data-comments-opened=\"0\" data-image-meta=\"{&quot;aperture&quot;:&quot;0&quot;,&quot;credit&quot;:&quot;&quot;,&quot;camera&quot;:&quot;&quot;,&quot;caption&quot;:&quot;&quot;,&quot;created_timestamp&quot;:&quot;0&quot;,&quot;copyright&quot;:&quot;&quot;,&quot;focal_length&quot;:&quot;0&quot;,&quot;iso&quot;:&quot;0&quot;,&quot;shutter_speed&quot;:&quot;0&quot;,&quot;title&quot;:&quot;&quot;,&quot;orientation&quot;:&quot;0&quot;}\" data-image-title=\"podio-trec\" data-image-description=\"\" data-image-caption=\"\" data-large-file=\"https:\/\/i0.wp.com\/federacioncantabradehipica.com\/web\/wp-content\/uploads\/2018\/07\/podio-trec.png?fit=840%2C477&amp;ssl=1\" class=\"size-medium wp-image-6493 alignright\" src=\"https:\/\/i0.wp.com\/federacioncantabradehipica.com\/web\/wp-content\/uploads\/2018\/07\/podio-trec-300x170.png?resize=300%2C170\" alt=\"\" width=\"300\" height=\"170\" srcset=\"https:\/\/i0.wp.com\/federacioncantabradehipica.com\/web\/wp-content\/uploads\/2018\/07\/podio-trec.png?resize=300%2C170&amp;ssl=1 300w, https:\/\/i0.wp.com\/federacioncantabradehipica.com\/web\/wp-content\/uploads\/2018\/07\/podio-trec.png?resize=150%2C85&amp;ssl=1 150w, https:\/\/i0.wp.com\/federacioncantabradehipica.com\/web\/wp-content\/uploads\/2018\/07\/podio-trec.png?w=840&amp;ssl=1 840w\" sizes=\"auto, (max-width: 300px) 100vw, 300px\" \/><\/strong>La joven amazona c\u00e1ntabra<strong> Aralar G\u00f3mez M\u00e1rquez <\/strong>ha logrado la medalla de bronce en el <strong>Campeonato de Espa\u00f1a de\u00a0Menores<\/strong> de <strong>TREC <\/strong>0* que se ha disputado\u00a0en el <strong>Centro H\u00edpico Afines<\/strong> de <strong>Madrid<\/strong>.<\/p>\n<p style=\"text-align: justify;\">Destacado resultado tambi\u00e9n de\u00a0<strong>Irene Exp\u00f3sito Sisniega\u00a0<\/strong>en la categor\u00eda Junior, que logr\u00f3 la octava posici\u00f3n.<\/p>\n<p style=\"text-align: center;\"><em><strong>\u00a1Enhorabuena!<\/strong><\/em><\/p>\n","protected":false},"excerpt":{"rendered":"<p>Contin\u00faa la buena temporada para la h\u00edpica c\u00e1ntabra en este 2018<\/p>\n","protected":false},"author":1,"featured_media":6493,"comment_status":"closed","ping_status":"closed","sticky":false,"template":"","format":"standard","meta":{"kt_blocks_editor_width":"","_jetpack_memberships_contains_paid_content":false,"footnotes":"","jetpack_publicize_message":"","jetpack_publicize_feature_enabled":true,"jetpack_social_post_already_shared":false,"jetpack_social_options":{"image_generator_settings":{"template":"highway","default_image_id":0,"font":"","enabled":false},"version":2}},"categories":[6],"tags":[],"class_list":["post-6492","post","type-post","status-publish","format-standard","has-post-thumbnail","hentry","category-noticias"],"jetpack_publicize_connections":[],"jetpack_featured_media_url":"https:\/\/i0.wp.com\/federacioncantabradehipica.com\/web\/wp-content\/uploads\/2018\/07\/podio-trec.png?fit=840%2C477&ssl=1","jetpack_sharing_enabled":true,"jetpack_shortlink":"https:\/\/wp.me\/p3jrBv-1GI","jetpack_likes_enabled":false,"_links":{"self":[{"href":"https:\/\/federacioncantabradehipica.com\/web\/index.php?rest_route=\/wp\/v2\/posts\/6492","targetHints":{"allow":["GET"]}}],"collection":[{"href":"https:\/\/federacioncantabradehipica.com\/web\/index.php?rest_route=\/wp\/v2\/posts"}],"about":[{"href":"https:\/\/federacioncantabradehipica.com\/web\/index.php?rest_route=\/wp\/v2\/types\/post"}],"author":[{"embeddable":true,"href":"https:\/\/federacioncantabradehipica.com\/web\/index.php?rest_route=\/wp\/v2\/users\/1"}],"replies":[{"embeddable":true,"href":"https:\/\/federacioncantabradehipica.com\/web\/index.php?rest_route=%2Fwp%2Fv2%2Fcomments&post=6492"}],"version-history":[{"count":1,"href":"https:\/\/federacioncantabradehipica.com\/web\/index.php?rest_route=\/wp\/v2\/posts\/6492\/revisions"}],"predecessor-version":[{"id":6494,"href":"https:\/\/federacioncantabradehipica.com\/web\/index.php?rest_route=\/wp\/v2\/posts\/6492\/revisions\/6494"}],"wp:featuredmedia":[{"embeddable":true,"href":"https:\/\/federacioncantabradehipica.com\/web\/index.php?rest_route=\/wp\/v2\/media\/6493"}],"wp:attachment":[{"href":"https:\/\/federacioncantabradehipica.com\/web\/index.php?rest_route=%2Fwp%2Fv2%2Fmedia&parent=6492"}],"wp:term":[{"taxonomy":"category","embeddable":true,"href":"https:\/\/federacioncantabradehipica.com\/web\/index.php?rest_route=%2Fwp%2Fv2%2Fcategories&post=6492"},{"taxonomy":"post_tag","embeddable":true,"href":"https:\/\/federacioncantabradehipica.com\/web\/index.php?rest_route=%2Fwp%2Fv2%2Ftags&post=6492"}],"curies":[{"name":"wp","href":"https:\/\/api.w.org\/{rel}","templated":true}]}}