{"id":6498,"date":"2018-07-15T10:04:18","date_gmt":"2018-07-15T08:04:18","guid":{"rendered":"http:\/\/federacioncantabradehipica.com\/web\/?p=6498"},"modified":"2018-07-15T10:04:57","modified_gmt":"2018-07-15T08:04:57","slug":"el-cambio-de-ubicacion-de-un-festival-de-musica-obliga-a-suspender-el-csn-laredo-3-4-y-5-de-agosto","status":"publish","type":"post","link":"https:\/\/federacioncantabradehipica.com\/web\/?p=6498","title":{"rendered":"El cambio de ubicaci\u00f3n de un festival de m\u00fasica obliga a suspender el CSN Laredo (3, 4 y 5 de agosto)"},"content":{"rendered":"<p style=\"text-align: center;\"><strong>Comunicado del Centro H\u00edpico Laredo<\/strong><!--more--><\/p>\n<p><img data-recalc-dims=\"1\" loading=\"lazy\" decoding=\"async\" data-attachment-id=\"5279\" data-permalink=\"https:\/\/federacioncantabradehipica.com\/web\/?attachment_id=5279\" data-orig-file=\"https:\/\/i0.wp.com\/federacioncantabradehipica.com\/web\/wp-content\/uploads\/2017\/08\/20638919_1449348995101158_4574838972826393837_n.jpg?fit=960%2C640&amp;ssl=1\" data-orig-size=\"960,640\" data-comments-opened=\"0\" data-image-meta=\"{&quot;aperture&quot;:&quot;0&quot;,&quot;credit&quot;:&quot;&quot;,&quot;camera&quot;:&quot;&quot;,&quot;caption&quot;:&quot;&quot;,&quot;created_timestamp&quot;:&quot;0&quot;,&quot;copyright&quot;:&quot;&quot;,&quot;focal_length&quot;:&quot;0&quot;,&quot;iso&quot;:&quot;0&quot;,&quot;shutter_speed&quot;:&quot;0&quot;,&quot;title&quot;:&quot;&quot;,&quot;orientation&quot;:&quot;0&quot;}\" data-image-title=\"20638919_1449348995101158_4574838972826393837_n\" data-image-description=\"\" data-image-caption=\"&lt;p&gt;Vista panor\u00e1mica de la pista central del CH Laredo | Foto: Pablo Lanza&lt;\/p&gt;\n\" data-large-file=\"https:\/\/i0.wp.com\/federacioncantabradehipica.com\/web\/wp-content\/uploads\/2017\/08\/20638919_1449348995101158_4574838972826393837_n.jpg?fit=960%2C640&amp;ssl=1\" class=\"size-medium wp-image-5279 alignright\" src=\"https:\/\/i0.wp.com\/federacioncantabradehipica.com\/web\/wp-content\/uploads\/2017\/08\/20638919_1449348995101158_4574838972826393837_n-300x200.jpg?resize=300%2C200\" alt=\"\" width=\"300\" height=\"200\" srcset=\"https:\/\/i0.wp.com\/federacioncantabradehipica.com\/web\/wp-content\/uploads\/2017\/08\/20638919_1449348995101158_4574838972826393837_n.jpg?resize=300%2C200&amp;ssl=1 300w, https:\/\/i0.wp.com\/federacioncantabradehipica.com\/web\/wp-content\/uploads\/2017\/08\/20638919_1449348995101158_4574838972826393837_n.jpg?resize=150%2C100&amp;ssl=1 150w, https:\/\/i0.wp.com\/federacioncantabradehipica.com\/web\/wp-content\/uploads\/2017\/08\/20638919_1449348995101158_4574838972826393837_n.jpg?w=960&amp;ssl=1 960w\" sizes=\"auto, (max-width: 300px) 100vw, 300px\" \/><\/p>\n<p style=\"text-align: justify;\">El cambio de ubicaci\u00f3n de un festival de m\u00fasica electr\u00f3nica ha obligado al Centro H\u00edpico Laredo a suspender el Concurso de Saltos 2* que se iba a organizar el 3, 4 y 5 de agosto.<\/p>\n<p><strong>COMUNICADO:<\/strong><\/p>\n<p style=\"text-align: justify;\">Hola a todos,<\/p>\n<p style=\"text-align: justify;\">Siento tener que comunicaros que tenemos que suspender el primer concurso de agosto (3,4 y 5 de agosto).<\/p>\n<p style=\"text-align: justify;\">El Ayuntamiento ha decidido cambiar la ubicaci\u00f3n del SummerFun Laredo, festival de m\u00fasica electr\u00f3nica, celebr\u00e1ndolo en el pol\u00edgono en las mismas fechas.<\/p>\n<p style=\"text-align: justify;\">Despu\u00e9s de numerosas reuniones con el equipo de gobierno intentando negociar el cambio de ubicaci\u00f3n, \u00e9sto no ha dado fruto, vi\u00e9ndonos obligados a suspender el primer concurso debido a la incompatibilidad de ambos eventos, teniendo en cuenta el bienestar animal y el buen discurrir de la competici\u00f3n.<\/p>\n<p style=\"text-align: justify;\">Hemos decidido abrir las instalaciones desde el jueves 2 de agosto para todos los que quer\u00e1is venir para entrenar; haremos recorridos y pod\u00e9is utilizar las instalaciones. El segundo concurso se desarrollar\u00e1 seg\u00fan lo previsto.<\/p>\n<p style=\"text-align: justify;\">Lamento profundamente haber tenido que tomar esta decisi\u00f3n. Para cualquier molestia\/problema que os pueda causar la suspensi\u00f3n del concurso estoy a vuestra disposici\u00f3n para intentar solucionarla.<\/p>\n<p style=\"text-align: justify;\">Un abrazo para todos.<\/p>\n<p style=\"text-align: justify;\">Tobias Hanke &#8211; Director del CH Laredo<\/p>\n","protected":false},"excerpt":{"rendered":"<p>Comunicado del Centro H\u00edpico Laredo<\/p>\n","protected":false},"author":1,"featured_media":5279,"comment_status":"closed","ping_status":"closed","sticky":false,"template":"","format":"standard","meta":{"kt_blocks_editor_width":"","_jetpack_memberships_contains_paid_content":false,"footnotes":"","jetpack_publicize_message":"","jetpack_publicize_feature_enabled":true,"jetpack_social_post_already_shared":false,"jetpack_social_options":{"image_generator_settings":{"template":"highway","default_image_id":0,"font":"","enabled":false},"version":2}},"categories":[6],"tags":[],"class_list":["post-6498","post","type-post","status-publish","format-standard","has-post-thumbnail","hentry","category-noticias"],"jetpack_publicize_connections":[],"jetpack_featured_media_url":"https:\/\/i0.wp.com\/federacioncantabradehipica.com\/web\/wp-content\/uploads\/2017\/08\/20638919_1449348995101158_4574838972826393837_n.jpg?fit=960%2C640&ssl=1","jetpack_sharing_enabled":true,"jetpack_shortlink":"https:\/\/wp.me\/p3jrBv-1GO","jetpack_likes_enabled":false,"_links":{"self":[{"href":"https:\/\/federacioncantabradehipica.com\/web\/index.php?rest_route=\/wp\/v2\/posts\/6498","targetHints":{"allow":["GET"]}}],"collection":[{"href":"https:\/\/federacioncantabradehipica.com\/web\/index.php?rest_route=\/wp\/v2\/posts"}],"about":[{"href":"https:\/\/federacioncantabradehipica.com\/web\/index.php?rest_route=\/wp\/v2\/types\/post"}],"author":[{"embeddable":true,"href":"https:\/\/federacioncantabradehipica.com\/web\/index.php?rest_route=\/wp\/v2\/users\/1"}],"replies":[{"embeddable":true,"href":"https:\/\/federacioncantabradehipica.com\/web\/index.php?rest_route=%2Fwp%2Fv2%2Fcomments&post=6498"}],"version-history":[{"count":2,"href":"https:\/\/federacioncantabradehipica.com\/web\/index.php?rest_route=\/wp\/v2\/posts\/6498\/revisions"}],"predecessor-version":[{"id":6500,"href":"https:\/\/federacioncantabradehipica.com\/web\/index.php?rest_route=\/wp\/v2\/posts\/6498\/revisions\/6500"}],"wp:featuredmedia":[{"embeddable":true,"href":"https:\/\/federacioncantabradehipica.com\/web\/index.php?rest_route=\/wp\/v2\/media\/5279"}],"wp:attachment":[{"href":"https:\/\/federacioncantabradehipica.com\/web\/index.php?rest_route=%2Fwp%2Fv2%2Fmedia&parent=6498"}],"wp:term":[{"taxonomy":"category","embeddable":true,"href":"https:\/\/federacioncantabradehipica.com\/web\/index.php?rest_route=%2Fwp%2Fv2%2Fcategories&post=6498"},{"taxonomy":"post_tag","embeddable":true,"href":"https:\/\/federacioncantabradehipica.com\/web\/index.php?rest_route=%2Fwp%2Fv2%2Ftags&post=6498"}],"curies":[{"name":"wp","href":"https:\/\/api.w.org\/{rel}","templated":true}]}}