{"id":6539,"date":"2018-07-31T09:36:46","date_gmt":"2018-07-31T07:36:46","guid":{"rendered":"http:\/\/federacioncantabradehipica.com\/web\/?p=6539"},"modified":"2018-07-31T09:43:24","modified_gmt":"2018-07-31T07:43:24","slug":"triplete-de-ruben-gomez-en-el-csn-2-isla-2018-vii-memorial-gonzalo-rosaenz-cholo","status":"publish","type":"post","link":"https:\/\/federacioncantabradehipica.com\/web\/?p=6539","title":{"rendered":"Triplete de Rub\u00e9n G\u00f3mez en el CSN 2* Isla 2018 &#8211; VII Memorial Gonzalo Rosa\u00e9nz \u00abCholo\u00bb"},"content":{"rendered":"<p style=\"text-align: center;\"><strong>El jinete vizca\u00edno gan\u00f3 la prueba grande en las tres jornadas del tradicional concurso de Isla<\/strong><br \/>\n<!--more--><\/p>\n<p style=\"text-align: justify;\"><strong><img data-recalc-dims=\"1\" loading=\"lazy\" decoding=\"async\" data-attachment-id=\"6540\" data-permalink=\"https:\/\/federacioncantabradehipica.com\/web\/?attachment_id=6540\" data-orig-file=\"https:\/\/i0.wp.com\/federacioncantabradehipica.com\/web\/wp-content\/uploads\/2018\/07\/41948721570_52756ca573_z.jpg?fit=640%2C427&amp;ssl=1\" data-orig-size=\"640,427\" data-comments-opened=\"0\" data-image-meta=\"{&quot;aperture&quot;:&quot;0&quot;,&quot;credit&quot;:&quot;&quot;,&quot;camera&quot;:&quot;&quot;,&quot;caption&quot;:&quot;&quot;,&quot;created_timestamp&quot;:&quot;0&quot;,&quot;copyright&quot;:&quot;&quot;,&quot;focal_length&quot;:&quot;0&quot;,&quot;iso&quot;:&quot;0&quot;,&quot;shutter_speed&quot;:&quot;0&quot;,&quot;title&quot;:&quot;&quot;,&quot;orientation&quot;:&quot;0&quot;}\" data-image-title=\"41948721570_52756ca573_z\" data-image-description=\"\" data-image-caption=\"\" data-large-file=\"https:\/\/i0.wp.com\/federacioncantabradehipica.com\/web\/wp-content\/uploads\/2018\/07\/41948721570_52756ca573_z.jpg?fit=640%2C427&amp;ssl=1\" class=\"size-medium wp-image-6540 alignright\" src=\"https:\/\/i0.wp.com\/federacioncantabradehipica.com\/web\/wp-content\/uploads\/2018\/07\/41948721570_52756ca573_z-300x200.jpg?resize=300%2C200\" alt=\"\" width=\"300\" height=\"200\" srcset=\"https:\/\/i0.wp.com\/federacioncantabradehipica.com\/web\/wp-content\/uploads\/2018\/07\/41948721570_52756ca573_z.jpg?resize=300%2C200&amp;ssl=1 300w, https:\/\/i0.wp.com\/federacioncantabradehipica.com\/web\/wp-content\/uploads\/2018\/07\/41948721570_52756ca573_z.jpg?resize=150%2C100&amp;ssl=1 150w, https:\/\/i0.wp.com\/federacioncantabradehipica.com\/web\/wp-content\/uploads\/2018\/07\/41948721570_52756ca573_z.jpg?w=640&amp;ssl=1 640w\" sizes=\"auto, (max-width: 300px) 100vw, 300px\" \/>Rub\u00e9n G\u00f3mez Crespo<\/strong> no dio ninguna opci\u00f3n a sus rivales durante este pasado fin de semana en el <strong>Concurso de Salto Nacional 2* <\/strong>de <strong>Isla<\/strong> &#8211;\u00a0<strong>VII Memorial Gonzalo Rosa\u00e9nz<\/strong> \u00abCholo\u00bb, ex presidente de la Federaci\u00f3n C\u00e1ntabra\u00a0 de H\u00edpica.<\/p>\n<p style=\"text-align: justify;\">El jinete vizca\u00edno comenz\u00f3 el viernes ganando con \u00abArramis\u00bb, completando el podio los c\u00e1ntabros <strong>Mar Ter\u00e1n de la Piedra<\/strong> con \u00abErlund de Calvarie\u00bb y <strong>Pablo Gonz\u00e1lez Pedrosa<\/strong> con \u00abRenoir de Jarsay\u00bb; el s\u00e1bado volvi\u00f3 a ser primero, pero bajo la monta de \u00abBayleis du Pre\u00bb y tercero con \u00abArramis\u00bb, siendo segundo <strong>Herve Duhaut<\/strong> con \u00abTalma D&#8217;Helby\u00bb. El domingo en el <strong>Gran Premio<\/strong> volvi\u00f3 a exhibirse, ocupando las dos primeras posiciones con\u00a0\u00abArramis\u00bb y\u00a0\u00abBayleis Du Pre\u00bb, respectivamente, siendo tercera la c\u00e1ntabra <strong>Mar\u00eda Ju\u00e1rez Escobedo<\/strong> con \u00abBruja de Llamosas\u00bb.<\/p>\n<p style=\"text-align: justify;\">El \u00abPeque\u00f1o Gran Premio\u00bb celebrado el s\u00e1bado fue ganado por <strong>Herve Duhaut<\/strong> con \u00abTlaloc de la viole\u00bb, <strong>Saioa D\u00edez Urizar<\/strong> con \u00abRinette de Granlieu\u00bb fue segunda (ganadora de la prueba del domingo de 1.20) y el c\u00e1ntabro <strong>Pablo Gonz\u00e1lez Pedrosa<\/strong>, tercero con \u00abPoupe de Sofelguera\u00bb (ganador de la prueba el viernes).<\/p>\n<ul>\n<li><a href=\"http:\/\/federacioncantabradehipica.com\/web\/?tribe_events=csn-isla\"><strong>Resultados<\/strong><\/a><\/li>\n<\/ul>\n\n            \n<p>&nbsp;<\/p>\n","protected":false},"excerpt":{"rendered":"<p>El jinete vizca\u00edno gan\u00f3 la prueba grande en las tres jornadas del tradicional concurso de Isla<\/p>\n","protected":false},"author":1,"featured_media":6540,"comment_status":"closed","ping_status":"closed","sticky":false,"template":"","format":"standard","meta":{"kt_blocks_editor_width":"","_jetpack_memberships_contains_paid_content":false,"footnotes":"","jetpack_publicize_message":"","jetpack_publicize_feature_enabled":true,"jetpack_social_post_already_shared":false,"jetpack_social_options":{"image_generator_settings":{"template":"highway","default_image_id":0,"font":"","enabled":false},"version":2}},"categories":[6],"tags":[],"class_list":["post-6539","post","type-post","status-publish","format-standard","has-post-thumbnail","hentry","category-noticias"],"jetpack_publicize_connections":[],"jetpack_featured_media_url":"https:\/\/i0.wp.com\/federacioncantabradehipica.com\/web\/wp-content\/uploads\/2018\/07\/41948721570_52756ca573_z.jpg?fit=640%2C427&ssl=1","jetpack_sharing_enabled":true,"jetpack_shortlink":"https:\/\/wp.me\/p3jrBv-1Ht","jetpack_likes_enabled":false,"_links":{"self":[{"href":"https:\/\/federacioncantabradehipica.com\/web\/index.php?rest_route=\/wp\/v2\/posts\/6539","targetHints":{"allow":["GET"]}}],"collection":[{"href":"https:\/\/federacioncantabradehipica.com\/web\/index.php?rest_route=\/wp\/v2\/posts"}],"about":[{"href":"https:\/\/federacioncantabradehipica.com\/web\/index.php?rest_route=\/wp\/v2\/types\/post"}],"author":[{"embeddable":true,"href":"https:\/\/federacioncantabradehipica.com\/web\/index.php?rest_route=\/wp\/v2\/users\/1"}],"replies":[{"embeddable":true,"href":"https:\/\/federacioncantabradehipica.com\/web\/index.php?rest_route=%2Fwp%2Fv2%2Fcomments&post=6539"}],"version-history":[{"count":4,"href":"https:\/\/federacioncantabradehipica.com\/web\/index.php?rest_route=\/wp\/v2\/posts\/6539\/revisions"}],"predecessor-version":[{"id":6545,"href":"https:\/\/federacioncantabradehipica.com\/web\/index.php?rest_route=\/wp\/v2\/posts\/6539\/revisions\/6545"}],"wp:featuredmedia":[{"embeddable":true,"href":"https:\/\/federacioncantabradehipica.com\/web\/index.php?rest_route=\/wp\/v2\/media\/6540"}],"wp:attachment":[{"href":"https:\/\/federacioncantabradehipica.com\/web\/index.php?rest_route=%2Fwp%2Fv2%2Fmedia&parent=6539"}],"wp:term":[{"taxonomy":"category","embeddable":true,"href":"https:\/\/federacioncantabradehipica.com\/web\/index.php?rest_route=%2Fwp%2Fv2%2Fcategories&post=6539"},{"taxonomy":"post_tag","embeddable":true,"href":"https:\/\/federacioncantabradehipica.com\/web\/index.php?rest_route=%2Fwp%2Fv2%2Ftags&post=6539"}],"curies":[{"name":"wp","href":"https:\/\/api.w.org\/{rel}","templated":true}]}}