{"id":6584,"date":"2018-08-16T19:27:35","date_gmt":"2018-08-16T17:27:35","guid":{"rendered":"http:\/\/federacioncantabradehipica.com\/web\/?p=6584"},"modified":"2018-08-16T19:27:35","modified_gmt":"2018-08-16T17:27:35","slug":"aplazado-el-raid-de-hazas-de-cesto","status":"publish","type":"post","link":"https:\/\/federacioncantabradehipica.com\/web\/?p=6584","title":{"rendered":"Aplazado el Raid de Hazas de Cesto"},"content":{"rendered":"<p style=\"text-align: center;\"><strong>Pr\u00f3ximamente se publicar\u00e1 la nueva fecha<\/strong><\/p>\n<p><!--more--><\/p>\n<p style=\"text-align: justify;\"><img data-recalc-dims=\"1\" loading=\"lazy\" decoding=\"async\" data-attachment-id=\"4874\" data-permalink=\"https:\/\/federacioncantabradehipica.com\/web\/?attachment_id=4874\" data-orig-file=\"https:\/\/i0.wp.com\/federacioncantabradehipica.com\/web\/wp-content\/uploads\/2017\/05\/escudo-federacion-cantabra-hipica.png?fit=900%2C600&amp;ssl=1\" data-orig-size=\"900,600\" data-comments-opened=\"0\" data-image-meta=\"{&quot;aperture&quot;:&quot;0&quot;,&quot;credit&quot;:&quot;&quot;,&quot;camera&quot;:&quot;&quot;,&quot;caption&quot;:&quot;&quot;,&quot;created_timestamp&quot;:&quot;0&quot;,&quot;copyright&quot;:&quot;&quot;,&quot;focal_length&quot;:&quot;0&quot;,&quot;iso&quot;:&quot;0&quot;,&quot;shutter_speed&quot;:&quot;0&quot;,&quot;title&quot;:&quot;&quot;,&quot;orientation&quot;:&quot;0&quot;}\" data-image-title=\"escudo-federacion-cantabra-hipica\" data-image-description=\"\" data-image-caption=\"\" data-large-file=\"https:\/\/i0.wp.com\/federacioncantabradehipica.com\/web\/wp-content\/uploads\/2017\/05\/escudo-federacion-cantabra-hipica.png?fit=900%2C600&amp;ssl=1\" class=\"size-medium wp-image-4874 alignright\" src=\"https:\/\/i0.wp.com\/federacioncantabradehipica.com\/web\/wp-content\/uploads\/2017\/05\/escudo-federacion-cantabra-hipica-300x200.png?resize=300%2C200\" alt=\"\" width=\"300\" height=\"200\" srcset=\"https:\/\/i0.wp.com\/federacioncantabradehipica.com\/web\/wp-content\/uploads\/2017\/05\/escudo-federacion-cantabra-hipica.png?resize=300%2C200&amp;ssl=1 300w, https:\/\/i0.wp.com\/federacioncantabradehipica.com\/web\/wp-content\/uploads\/2017\/05\/escudo-federacion-cantabra-hipica.png?resize=150%2C100&amp;ssl=1 150w, https:\/\/i0.wp.com\/federacioncantabradehipica.com\/web\/wp-content\/uploads\/2017\/05\/escudo-federacion-cantabra-hipica.png?w=900&amp;ssl=1 900w\" sizes=\"auto, (max-width: 300px) 100vw, 300px\" \/>El <strong>Raid H\u00edpico<\/strong>\u00a0de categor\u00eda Promoci\u00f3n 20\/40\/60\/80 Km que se iba a celebrar este pr\u00f3ximo s\u00e1bado d\u00eda 18 de agosto en <strong>Hazas de Cesto<\/strong> ha sido aplazado.<\/p>\n<p style=\"text-align: justify;\">Dadas las fechas estivales no se ha conseguido alcanzar un n\u00famero m\u00ednimo de participantes para la celebraci\u00f3n de la prueba.<\/p>\n<p style=\"text-align: justify;\">Sentimos las molestias ocasionadas y avisaremos pr\u00f3ximamente de una nueva fecha.<\/p>\n<p style=\"text-align: justify;\">Vocal\u00eda de Raid &#8211; Federaci\u00f3n C\u00e1ntabra de H\u00edpica<\/p>\n","protected":false},"excerpt":{"rendered":"<p>Pr\u00f3ximamente se publicar\u00e1 la nueva fecha<\/p>\n","protected":false},"author":1,"featured_media":4874,"comment_status":"closed","ping_status":"closed","sticky":false,"template":"","format":"standard","meta":{"kt_blocks_editor_width":"","_jetpack_memberships_contains_paid_content":false,"footnotes":"","jetpack_publicize_message":"","jetpack_publicize_feature_enabled":true,"jetpack_social_post_already_shared":true,"jetpack_social_options":{"image_generator_settings":{"template":"highway","default_image_id":0,"font":"","enabled":false},"version":2}},"categories":[6],"tags":[],"class_list":["post-6584","post","type-post","status-publish","format-standard","has-post-thumbnail","hentry","category-noticias"],"jetpack_publicize_connections":[],"jetpack_featured_media_url":"https:\/\/i0.wp.com\/federacioncantabradehipica.com\/web\/wp-content\/uploads\/2017\/05\/escudo-federacion-cantabra-hipica.png?fit=900%2C600&ssl=1","jetpack_sharing_enabled":true,"jetpack_shortlink":"https:\/\/wp.me\/p3jrBv-1Ic","jetpack_likes_enabled":false,"_links":{"self":[{"href":"https:\/\/federacioncantabradehipica.com\/web\/index.php?rest_route=\/wp\/v2\/posts\/6584","targetHints":{"allow":["GET"]}}],"collection":[{"href":"https:\/\/federacioncantabradehipica.com\/web\/index.php?rest_route=\/wp\/v2\/posts"}],"about":[{"href":"https:\/\/federacioncantabradehipica.com\/web\/index.php?rest_route=\/wp\/v2\/types\/post"}],"author":[{"embeddable":true,"href":"https:\/\/federacioncantabradehipica.com\/web\/index.php?rest_route=\/wp\/v2\/users\/1"}],"replies":[{"embeddable":true,"href":"https:\/\/federacioncantabradehipica.com\/web\/index.php?rest_route=%2Fwp%2Fv2%2Fcomments&post=6584"}],"version-history":[{"count":1,"href":"https:\/\/federacioncantabradehipica.com\/web\/index.php?rest_route=\/wp\/v2\/posts\/6584\/revisions"}],"predecessor-version":[{"id":6585,"href":"https:\/\/federacioncantabradehipica.com\/web\/index.php?rest_route=\/wp\/v2\/posts\/6584\/revisions\/6585"}],"wp:featuredmedia":[{"embeddable":true,"href":"https:\/\/federacioncantabradehipica.com\/web\/index.php?rest_route=\/wp\/v2\/media\/4874"}],"wp:attachment":[{"href":"https:\/\/federacioncantabradehipica.com\/web\/index.php?rest_route=%2Fwp%2Fv2%2Fmedia&parent=6584"}],"wp:term":[{"taxonomy":"category","embeddable":true,"href":"https:\/\/federacioncantabradehipica.com\/web\/index.php?rest_route=%2Fwp%2Fv2%2Fcategories&post=6584"},{"taxonomy":"post_tag","embeddable":true,"href":"https:\/\/federacioncantabradehipica.com\/web\/index.php?rest_route=%2Fwp%2Fv2%2Ftags&post=6584"}],"curies":[{"name":"wp","href":"https:\/\/api.w.org\/{rel}","templated":true}]}}