{"id":6723,"date":"2018-10-23T21:14:50","date_gmt":"2018-10-23T19:14:50","guid":{"rendered":"http:\/\/federacioncantabradehipica.com\/web\/?p=6723"},"modified":"2018-10-24T19:17:26","modified_gmt":"2018-10-24T17:17:26","slug":"laredo-proclama-a-los-campeones-de-cantabria-de-raid-2018","status":"publish","type":"post","link":"https:\/\/federacioncantabradehipica.com\/web\/?p=6723","title":{"rendered":"Laredo proclama a los campeones de Cantabria de Raid 2018"},"content":{"rendered":"<p style=\"text-align: center;\"><strong>La playa de Laredo acogi\u00f3 a m\u00e1s de 70 caballos llegados de\u00a0<\/strong><b>diferentes puntos de Espa\u00f1a<\/b><!--more--><\/p>\n<p style=\"text-align: justify;\"><img data-recalc-dims=\"1\" loading=\"lazy\" decoding=\"async\" data-attachment-id=\"6725\" data-permalink=\"https:\/\/federacioncantabradehipica.com\/web\/?attachment_id=6725\" data-orig-file=\"https:\/\/i0.wp.com\/federacioncantabradehipica.com\/web\/wp-content\/uploads\/2018\/10\/raid-cto-cantabria-18.jpg?fit=1600%2C1200&amp;ssl=1\" data-orig-size=\"1600,1200\" data-comments-opened=\"0\" data-image-meta=\"{&quot;aperture&quot;:&quot;0&quot;,&quot;credit&quot;:&quot;&quot;,&quot;camera&quot;:&quot;&quot;,&quot;caption&quot;:&quot;&quot;,&quot;created_timestamp&quot;:&quot;0&quot;,&quot;copyright&quot;:&quot;&quot;,&quot;focal_length&quot;:&quot;0&quot;,&quot;iso&quot;:&quot;0&quot;,&quot;shutter_speed&quot;:&quot;0&quot;,&quot;title&quot;:&quot;&quot;,&quot;orientation&quot;:&quot;0&quot;}\" data-image-title=\"raid-cto-cantabria-18\" data-image-description=\"\" data-image-caption=\"\" data-large-file=\"https:\/\/i0.wp.com\/federacioncantabradehipica.com\/web\/wp-content\/uploads\/2018\/10\/raid-cto-cantabria-18.jpg?fit=1024%2C768&amp;ssl=1\" class=\"size-medium wp-image-6725 alignright\" src=\"https:\/\/i0.wp.com\/federacioncantabradehipica.com\/web\/wp-content\/uploads\/2018\/10\/raid-cto-cantabria-18-300x225.jpg?resize=300%2C225\" alt=\"\" width=\"300\" height=\"225\" srcset=\"https:\/\/i0.wp.com\/federacioncantabradehipica.com\/web\/wp-content\/uploads\/2018\/10\/raid-cto-cantabria-18.jpg?resize=300%2C225&amp;ssl=1 300w, https:\/\/i0.wp.com\/federacioncantabradehipica.com\/web\/wp-content\/uploads\/2018\/10\/raid-cto-cantabria-18.jpg?resize=150%2C113&amp;ssl=1 150w, https:\/\/i0.wp.com\/federacioncantabradehipica.com\/web\/wp-content\/uploads\/2018\/10\/raid-cto-cantabria-18.jpg?resize=1024%2C768&amp;ssl=1 1024w, https:\/\/i0.wp.com\/federacioncantabradehipica.com\/web\/wp-content\/uploads\/2018\/10\/raid-cto-cantabria-18.jpg?w=1600&amp;ssl=1 1600w\" sizes=\"auto, (max-width: 300px) 100vw, 300px\" \/>El pasado s\u00e1bado la playa Salv\u00e9 de Laredo fue el escenario del <b>I Raid Playa de Laredo<\/b>. 68 caballos acudieron a la capital de la Costa Esmeralda para participar en esta primera edici\u00f3n. La procedencia de los participantes ha sido de diversos puntos geogr\u00e1ficos, como Madrid, Galicia, Asturias, Pa\u00eds Vasco, Navarra, Castilla y Le\u00f3n, Catalu\u00f1a y Cantabria.<\/p>\n<p style=\"text-align: justify;\">Laredo Endurance Club ha sido el organizador de la prueba y ha contado con la colaboraci\u00f3n del Ayuntamiento de Laredo, la Federaci\u00f3n C\u00e1ntabra de H\u00edpica y de numerosas firmas comerciales.<\/p>\n<p style=\"text-align: justify;\">Las pruebas que se disputaban eran CEN *, CEN 0*, CET 1*, CET 0 *, \/60\/40, CEAI 20. As\u00ed como el Campeonato de Cantabria 1*\/CET 40.<\/p>\n<p style=\"text-align: justify;\">A las 7.30 de la ma\u00f1ana dio comienzo el Raid con el reparto de dorsales y los controles veterinarios previos al inicio de la competici\u00f3n.<\/p>\n<p style=\"text-align: justify;\">Los 68 caballos inscritos se repartieron en las categor\u00edas siguientes, ordenadas en funci\u00f3n de la distancia recorrida:<\/p>\n<p style=\"text-align: justify;\">CEAI 20 km: 3 inscritos.<\/p>\n<p style=\"text-align: justify;\">CET 40 km, Campeonato de Cantabria 40 km: 16 inscritos.<\/p>\n<p>CET 60 Km: 23 inscritos.<\/p>\n<p style=\"text-align: justify;\">CET\/CEN 0* 80 kms: 17 inscritos.<\/p>\n<p style=\"text-align: justify;\">CET\/CEN 1*, Campeonato de Cantbria 80 km: 9 inscritos.<\/p>\n<p style=\"text-align: justify;\">La salida tuvo lugar a las 9:00 para las categor\u00edas de 1* y 0*, a las 10 h. para el 60 km, y a las 10.30 h. para las participantes de 40 km. y 20 km iniciaci\u00f3n.<\/p>\n<p style=\"text-align: justify;\">Tras pasar las diversas fases, los caballos pasaron un control veterinario que otorgaba la posibilidad de salir o no a la siguiente prueba.<\/p>\n<p style=\"text-align: justify;\">En la categor\u00eda CET de iniciaci\u00f3n de 20 km. todos los participantes que iniciaron la prueba se clasificaron.<\/p>\n<p style=\"text-align: justify;\">Las clasificaciones en cada una de las restantes pruebas quedaron como sigue:<\/p>\n<p style=\"text-align: justify;\"><strong>CEN\/CET 1* 80 km:<\/strong><\/p>\n<p style=\"text-align: justify;\">1\u00ba El laredano <b>Javier<\/b> <b>Negrete<\/b> <b>Cubas<\/b> a lomos de \u201cAli Sou\u201d federado en la Federaci\u00f3n Vasca.<\/p>\n<p style=\"text-align: justify;\">2\u00ba <b>Ariane<\/b> <b>Maruri<\/b> <b>Aspiazu<\/b> a lomos de \u201cAdahir\u201d, procedente del Pa\u00eds Vasco.<\/p>\n<p style=\"text-align: justify;\">3\u00ba <b>Eva<\/b> <b>Pechorrom\u00e1n<\/b> <b>Vega<\/b>, a lomos de \u201cFlaco\u201d, procedente de Castilla-Le\u00f3n y federada en la Federaci\u00f3n Catalana de H\u00edpica.<\/p>\n<p style=\"text-align: justify;\">En el Campeonato de Cantabria la campeona fue <b>N\u00e9lida<\/b> <b>Diego<\/b> <b>Mart\u00ednez<\/b> a lomos de \u201cKiara Lop\u201d.<\/p>\n<p style=\"text-align: justify;\"><strong>CENT\/CET 0*<\/strong><\/p>\n<p style=\"text-align: justify;\">1\u00ba El laredano <b>\u00c1lvaro<\/b> <b>Salcines<\/b> <b>Ramos<\/b> a lomos de \u201c Agvhana\u201d.<\/p>\n<p style=\"text-align: justify;\">2\u00ba <b>Patricia<\/b> <b>Mariscal<\/b> <b>Garrido<\/b> a lomos de \u201cAvalon\u201d, procedente de Madrid.<\/p>\n<p style=\"text-align: justify;\">3\u00ba <b>Amaya<\/b> <b>Su\u00e1rez<\/b> <b>Prieto<\/b> a lomos de \u201c Churruca\u201d, procedente de Madrid.<\/p>\n<p style=\"text-align: justify;\"><strong>CET 60 KM<\/strong><\/p>\n<p style=\"text-align: justify;\">1\u00ba La laredana <b>Anne<\/b> <b>de<\/b> <b>Otalora<\/b> <b>Saiz<\/b> a lomos de \u201cZapatero\u201d, federada en la Federaci\u00f3n Vasca.<\/p>\n<p style=\"text-align: justify;\">2\u00ba <b>Eider<\/b> <b>Delgado<\/b> <b>D\u00edaz<\/b> a lomos de \u201cYtana\u201d, federada en la Federaci\u00f3n Vasca.<\/p>\n<p style=\"text-align: justify;\">3\u00ba <b>Gaizka<\/b> <b>Allende<\/b> <b>Elorza<\/b> a lomos de \u201cIru\u201d, federado en la Federaci\u00f3n Vasca.<\/p>\n<p style=\"text-align: justify;\"><strong>CEAP 40 KM.<\/strong><\/p>\n<p style=\"text-align: justify;\">1\u00ba <b>Izeia<\/b> <b>\u00cd\u00f1iguez<\/b> a lomos de \u201cCam Blues\u201d, de la Federaci\u00f3n Vasca.<\/p>\n<p style=\"text-align: justify;\">2\u00ba <b>Jos\u00e9<\/b> <b>Manuel<\/b> <b>Canales<\/b> a lomos de \u201cTalib\u00e1n\u201d, de la Federaci\u00f3n Vasca.<\/p>\n<p style=\"text-align: justify;\">3\u00ba <b>Vicente<\/b> <b>Iglesias<\/b> <b>Duque<\/b> a lomos de \u201cMaur-Om\u00e1n\u201d, procedente de Santander.<\/p>\n<p style=\"text-align: justify;\"><b>CAMPEONATO DE CANTABRIA CET 40 KM<\/b><\/p>\n<p style=\"text-align: justify;\">1\u00ba <b>Vicente<\/b> <b>Iglesias<\/b> <b>Duque<\/b> a lomos de \u201cMaur-Om\u00e1n\u201d, de Santander, que repiti\u00f3 podio.<\/p>\n<p style=\"text-align: justify;\">2\u00ba <b>Alejandro<\/b> <b>Veci<\/b> <b>Cantero<\/b> a lomos de \u201cGala de Treto\u201d, procedente de la localidad pr\u00f3xima a Laredo de Treto.<\/p>\n<p style=\"text-align: justify;\">3\u00ba <b>Fausto<\/b> <b>Uriarte<\/b> a lomos de \u201cPirata XXIII\u201d, de Santander.<\/p>\n<p style=\"text-align: justify;\">En la entrega de trofeos estuvo presente <b>Mar\u00eda<\/b> <b>Jes\u00fas<\/b> <b>Abad<\/b>, Concejal de Juventud, Deportes y Participaci\u00f3n Ciudadana del Ayuntamiento de Laredo.<\/p>\n\n            \n","protected":false},"excerpt":{"rendered":"<p>La playa de Laredo acogi\u00f3 a m\u00e1s de 70 caballos llegados de\u00a0diferentes puntos de Espa\u00f1a<\/p>\n","protected":false},"author":1,"featured_media":6725,"comment_status":"closed","ping_status":"closed","sticky":false,"template":"","format":"standard","meta":{"kt_blocks_editor_width":"","_jetpack_memberships_contains_paid_content":false,"footnotes":"","jetpack_publicize_message":"\ud83d\udc34Laredo proclama a los campeones de Cantabria de Raid 2018","jetpack_publicize_feature_enabled":true,"jetpack_social_post_already_shared":true,"jetpack_social_options":{"image_generator_settings":{"template":"highway","default_image_id":0,"font":"","enabled":false},"version":2}},"categories":[6],"tags":[],"class_list":["post-6723","post","type-post","status-publish","format-standard","has-post-thumbnail","hentry","category-noticias"],"jetpack_publicize_connections":[],"jetpack_featured_media_url":"https:\/\/i0.wp.com\/federacioncantabradehipica.com\/web\/wp-content\/uploads\/2018\/10\/raid-cto-cantabria-18.jpg?fit=1600%2C1200&ssl=1","jetpack_sharing_enabled":true,"jetpack_shortlink":"https:\/\/wp.me\/p3jrBv-1Kr","jetpack_likes_enabled":false,"_links":{"self":[{"href":"https:\/\/federacioncantabradehipica.com\/web\/index.php?rest_route=\/wp\/v2\/posts\/6723","targetHints":{"allow":["GET"]}}],"collection":[{"href":"https:\/\/federacioncantabradehipica.com\/web\/index.php?rest_route=\/wp\/v2\/posts"}],"about":[{"href":"https:\/\/federacioncantabradehipica.com\/web\/index.php?rest_route=\/wp\/v2\/types\/post"}],"author":[{"embeddable":true,"href":"https:\/\/federacioncantabradehipica.com\/web\/index.php?rest_route=\/wp\/v2\/users\/1"}],"replies":[{"embeddable":true,"href":"https:\/\/federacioncantabradehipica.com\/web\/index.php?rest_route=%2Fwp%2Fv2%2Fcomments&post=6723"}],"version-history":[{"count":3,"href":"https:\/\/federacioncantabradehipica.com\/web\/index.php?rest_route=\/wp\/v2\/posts\/6723\/revisions"}],"predecessor-version":[{"id":6739,"href":"https:\/\/federacioncantabradehipica.com\/web\/index.php?rest_route=\/wp\/v2\/posts\/6723\/revisions\/6739"}],"wp:featuredmedia":[{"embeddable":true,"href":"https:\/\/federacioncantabradehipica.com\/web\/index.php?rest_route=\/wp\/v2\/media\/6725"}],"wp:attachment":[{"href":"https:\/\/federacioncantabradehipica.com\/web\/index.php?rest_route=%2Fwp%2Fv2%2Fmedia&parent=6723"}],"wp:term":[{"taxonomy":"category","embeddable":true,"href":"https:\/\/federacioncantabradehipica.com\/web\/index.php?rest_route=%2Fwp%2Fv2%2Fcategories&post=6723"},{"taxonomy":"post_tag","embeddable":true,"href":"https:\/\/federacioncantabradehipica.com\/web\/index.php?rest_route=%2Fwp%2Fv2%2Ftags&post=6723"}],"curies":[{"name":"wp","href":"https:\/\/api.w.org\/{rel}","templated":true}]}}