{"id":6729,"date":"2018-10-23T21:57:12","date_gmt":"2018-10-23T19:57:12","guid":{"rendered":"http:\/\/federacioncantabradehipica.com\/web\/?p=6729"},"modified":"2018-10-23T22:41:46","modified_gmt":"2018-10-23T20:41:46","slug":"el-centro-militar-de-cria-caballar-de-mazcuerras-acogio-el-campeonato-cantabria-de-doma-clasica-2018","status":"publish","type":"post","link":"https:\/\/federacioncantabradehipica.com\/web\/?p=6729","title":{"rendered":"El Centro Militar de Cr\u00eda Caballar de Mazcuerras acogi\u00f3 el Campeonato Cantabria de Doma Cl\u00e1sica 2018"},"content":{"rendered":"<p style=\"text-align: center;\"><strong>Galer\u00eda de fotograf\u00edas por ANBE y FoturCantabria<\/strong><!--more--><\/p>\n<div class=\"page\" title=\"Page 1\">\n<div class=\"section\">\n<div class=\"layoutArea\">\n<div class=\"column\">\n<p style=\"text-align: justify;\"><strong>Mar\u00eda Jos\u00e9 Venero Hoyo<\/strong> (Potros 5 a\u00f1os), <strong>Adriana Portilla Carriedo<\/strong> (Alev\u00edn), <strong>Candela Exp\u00f3sito Irusta<\/strong> (Asiento y Posici\u00f3n), <strong>Diego N\u00fa\u00f1ez Manzano<\/strong> (Potros 4 a\u00f1os), <strong>Naia Alonso Isasi <\/strong>(Infantil), <strong>Goiuri Hern\u00e1ndez Rubia<\/strong> (Juvenil), <strong>Jara Ruiz Laso<\/strong> (j\u00f3venes jinetes), <strong>Saioa Olivares Olarza<\/strong> (adultos) y <strong>Carlos G\u00f3mez Fern\u00e1ndez<\/strong> (7 a\u00f1os), son los nuevos campeones de Cantabria de Doma Cl\u00e1sica 2018.<\/p>\n<ul>\n<li><a href=\"http:\/\/federacioncantabradehipica.com\/web\/?tribe_events=campeonato-cantabria-final-liga-doma-clasica\"><strong>Resultados<\/strong><\/a><\/li>\n<\/ul>\n\n            \n\n            \n<\/div>\n<\/div>\n<\/div>\n<\/div>\n","protected":false},"excerpt":{"rendered":"<p>Galer\u00eda de fotograf\u00edas por ANBE y FoturCantabria<\/p>\n","protected":false},"author":1,"featured_media":6730,"comment_status":"closed","ping_status":"closed","sticky":false,"template":"","format":"standard","meta":{"kt_blocks_editor_width":"","_jetpack_memberships_contains_paid_content":false,"footnotes":"","jetpack_publicize_message":"\ud83d\udc34El Centro Militar de Cr\u00eda Caballar en Mazcuerras acogi\u00f3 el Campeonato Cantabria de Doma Cl\u00e1sica 2018","jetpack_publicize_feature_enabled":true,"jetpack_social_post_already_shared":true,"jetpack_social_options":{"image_generator_settings":{"template":"highway","default_image_id":0,"font":"","enabled":false},"version":2}},"categories":[6],"tags":[],"class_list":["post-6729","post","type-post","status-publish","format-standard","has-post-thumbnail","hentry","category-noticias"],"jetpack_publicize_connections":[],"jetpack_featured_media_url":"https:\/\/i0.wp.com\/federacioncantabradehipica.com\/web\/wp-content\/uploads\/2018\/10\/44799353614_a8d4c7f003_z.jpg?fit=640%2C425&ssl=1","jetpack_sharing_enabled":true,"jetpack_shortlink":"https:\/\/wp.me\/p3jrBv-1Kx","jetpack_likes_enabled":false,"_links":{"self":[{"href":"https:\/\/federacioncantabradehipica.com\/web\/index.php?rest_route=\/wp\/v2\/posts\/6729","targetHints":{"allow":["GET"]}}],"collection":[{"href":"https:\/\/federacioncantabradehipica.com\/web\/index.php?rest_route=\/wp\/v2\/posts"}],"about":[{"href":"https:\/\/federacioncantabradehipica.com\/web\/index.php?rest_route=\/wp\/v2\/types\/post"}],"author":[{"embeddable":true,"href":"https:\/\/federacioncantabradehipica.com\/web\/index.php?rest_route=\/wp\/v2\/users\/1"}],"replies":[{"embeddable":true,"href":"https:\/\/federacioncantabradehipica.com\/web\/index.php?rest_route=%2Fwp%2Fv2%2Fcomments&post=6729"}],"version-history":[{"count":4,"href":"https:\/\/federacioncantabradehipica.com\/web\/index.php?rest_route=\/wp\/v2\/posts\/6729\/revisions"}],"predecessor-version":[{"id":6736,"href":"https:\/\/federacioncantabradehipica.com\/web\/index.php?rest_route=\/wp\/v2\/posts\/6729\/revisions\/6736"}],"wp:featuredmedia":[{"embeddable":true,"href":"https:\/\/federacioncantabradehipica.com\/web\/index.php?rest_route=\/wp\/v2\/media\/6730"}],"wp:attachment":[{"href":"https:\/\/federacioncantabradehipica.com\/web\/index.php?rest_route=%2Fwp%2Fv2%2Fmedia&parent=6729"}],"wp:term":[{"taxonomy":"category","embeddable":true,"href":"https:\/\/federacioncantabradehipica.com\/web\/index.php?rest_route=%2Fwp%2Fv2%2Fcategories&post=6729"},{"taxonomy":"post_tag","embeddable":true,"href":"https:\/\/federacioncantabradehipica.com\/web\/index.php?rest_route=%2Fwp%2Fv2%2Ftags&post=6729"}],"curies":[{"name":"wp","href":"https:\/\/api.w.org\/{rel}","templated":true}]}}