{"id":6838,"date":"2019-01-20T12:03:36","date_gmt":"2019-01-20T11:03:36","guid":{"rendered":"http:\/\/federacioncantabradehipica.com\/web\/?p=6838"},"modified":"2019-01-20T12:03:36","modified_gmt":"2019-01-20T11:03:36","slug":"mas-de-300-personas-se-dan-cita-en-la-xxi-gala-de-la-hipica-de-cantabria","status":"publish","type":"post","link":"https:\/\/federacioncantabradehipica.com\/web\/?p=6838","title":{"rendered":"M\u00e1s de 300 personas se dan cita en la XXI Gala de la H\u00edpica de Cantabria"},"content":{"rendered":"<p style=\"text-align: center;\"><strong>En el Hotel Sardinero de Santander tuvo lugar la Gala H\u00edpica de la Federaci\u00f3n C\u00e1ntabra, que este a\u00f1o lleg\u00f3 a su vig\u00e9sima primera edici\u00f3n<\/strong><br \/>\n<!--more--><\/p>\n<p><img data-recalc-dims=\"1\" loading=\"lazy\" decoding=\"async\" data-attachment-id=\"6839\" data-permalink=\"https:\/\/federacioncantabradehipica.com\/web\/?attachment_id=6839\" data-orig-file=\"https:\/\/i0.wp.com\/federacioncantabradehipica.com\/web\/wp-content\/uploads\/2019\/01\/PLP_6279.jpg?fit=3000%2C2001&amp;ssl=1\" data-orig-size=\"3000,2001\" data-comments-opened=\"0\" data-image-meta=\"{&quot;aperture&quot;:&quot;0&quot;,&quot;credit&quot;:&quot;&quot;,&quot;camera&quot;:&quot;&quot;,&quot;caption&quot;:&quot;&quot;,&quot;created_timestamp&quot;:&quot;0&quot;,&quot;copyright&quot;:&quot;&quot;,&quot;focal_length&quot;:&quot;0&quot;,&quot;iso&quot;:&quot;0&quot;,&quot;shutter_speed&quot;:&quot;0&quot;,&quot;title&quot;:&quot;&quot;,&quot;orientation&quot;:&quot;0&quot;}\" data-image-title=\"PLP_6279\" data-image-description=\"\" data-image-caption=\"\" data-large-file=\"https:\/\/i0.wp.com\/federacioncantabradehipica.com\/web\/wp-content\/uploads\/2019\/01\/PLP_6279.jpg?fit=1024%2C683&amp;ssl=1\" class=\"size-medium wp-image-6839 alignright\" src=\"https:\/\/i0.wp.com\/federacioncantabradehipica.com\/web\/wp-content\/uploads\/2019\/01\/PLP_6279-300x200.jpg?resize=300%2C200\" alt=\"\" width=\"300\" height=\"200\" srcset=\"https:\/\/i0.wp.com\/federacioncantabradehipica.com\/web\/wp-content\/uploads\/2019\/01\/PLP_6279.jpg?resize=300%2C200&amp;ssl=1 300w, https:\/\/i0.wp.com\/federacioncantabradehipica.com\/web\/wp-content\/uploads\/2019\/01\/PLP_6279.jpg?resize=150%2C100&amp;ssl=1 150w, https:\/\/i0.wp.com\/federacioncantabradehipica.com\/web\/wp-content\/uploads\/2019\/01\/PLP_6279.jpg?resize=1024%2C683&amp;ssl=1 1024w, https:\/\/i0.wp.com\/federacioncantabradehipica.com\/web\/wp-content\/uploads\/2019\/01\/PLP_6279.jpg?w=2000&amp;ssl=1 2000w, https:\/\/i0.wp.com\/federacioncantabradehipica.com\/web\/wp-content\/uploads\/2019\/01\/PLP_6279.jpg?w=3000&amp;ssl=1 3000w\" sizes=\"auto, (max-width: 300px) 100vw, 300px\" \/><\/p>\n<p style=\"text-align: justify;\">En la noche del pasado s\u00e1bado 19 de enero, el Hotel Sardinero de Santander acogi\u00f3 la vig\u00e9sima primera edici\u00f3n de la Gala de Federaci\u00f3n C\u00e1ntabra de H\u00edpica, a la que acudieron m\u00e1s de 300 personas.<\/p>\n<p style=\"text-align: justify;\">Un a\u00f1o m\u00e1s, la FCH\u00a0cuenta con cerca de 2.000 licencias, lo que demuestra la buena salud del deporte ecuestre en la Comunidad Aut\u00f3noma de Cantabria.<\/p>\n<p style=\"text-align: justify;\">Durante el 2018, se han celebrado campeonatos regionales en las\u00a0modalidades de Raid, Salto de Obst\u00e1culos con Ponis, Completo con Ponis, Salto de\u00a0Obst\u00e1culos, Doma Cl\u00e1sica y TREC; adem\u00e1s de las ligas de Salto y Doma.<\/p>\n<p style=\"text-align: justify;\">Se disputaron concursos de Doma Cl\u00e1sica en Equus Gornazo, CH Laredo, CH\u00a0El Bocal, CH Prezanes, cerr\u00e1ndose la temporada en el Centro Militar de Cr\u00eda\u00a0Caballar de Mazcuerras, popularmente conocido como Yeguada de Ibio, lugar,\u00a0donde se celebr\u00f3 tambi\u00e9n el Campeonato de Cantabria. La Federaci\u00f3n C\u00e1ntabra de H\u00edpica aprovech\u00f3 la ocasi\u00f3n para\u00a0manifestar, una vez m\u00e1s, su agradecimiento y consideraci\u00f3n a todo el\u00a0personal por su acogida, colaboraci\u00f3n y esfuerzo en dicho acontecimiento. En Ibio\u00a0tambi\u00e9n se realiz\u00f3 el primer cursillo de Enganche con un gran \u00e9xito de\u00a0participaci\u00f3n.<\/p>\n<p style=\"text-align: justify;\">En Salto, se disputaron un total de 14 concursos en el Centro H\u00edpico Laredo\u00a0(que volvi\u00f3 a ser referencia con sus concursos nacionales), Yeguada El Pomar (con\u00a0una exitosa cuarta edici\u00f3n de la Copa Presidente de Cantabria y que dio el salto a la\u00a0categor\u00eda de CSN 2*), Club H\u00edpico Prezanes (con un brillante concurso nacional que\u00a0cont\u00f3 con la presencia de algunos de los jinetes y amazonas m\u00e1s importantes del\u00a0ranking nacional), Equus Gornazo (con dos nacionales muy bien organizados y\u00a0acogiendo por primera en su historia el Campeonato de Cantabria) y Centro H\u00edpico\u00a0El Bocal, adem\u00e1s del consolidado Concurso de Isla \u2013 Memorial Gonzalo Rosaenz.<\/p>\n<p style=\"text-align: justify;\">Adem\u00e1s, por segundo a\u00f1o consecutiva, y por decimosexta vez en su historia,\u00a0el Concurso de Saltos de La Magdalena volvi\u00f3 a ser de categor\u00eda internacional. Con una destacada actuaci\u00f3n de federados\u00a0c\u00e1ntabros como Jimena Garc\u00eda, Elena Ruiz, Aridia Lav\u00edn o Sa\u00fal Guti\u00e9rrez Oti.<\/p>\n<p style=\"text-align: justify;\">Tambi\u00e9n hubo Salto con Ponis en La Gerencia, que este a\u00f1o celebr\u00f3 su XXIV\u00a0edici\u00f3n del certamen \u00c1RABES&amp;CO, reconocido como uno de los mejores\u00a0concursos internacionales del caballo \u00c1rabe. Adem\u00e1s, tambi\u00e9n fue sede de una nueva edici\u00f3n\u00a0de la Liga Norte de Saltos con ponis, y acogi\u00f3 el campeonato regional de\u00a0concurso Completo.<\/p>\n<p style=\"text-align: justify;\">En Raid, se celebr\u00f3 el Campeonato de Cantabria en Laredo, y hubo pruebas en\u00a0Liendo \u2013 Memorial Mar\u00eda \u00c1ngeles Bravo, en Sar\u00f3n, en Hazas de Cesto y en B\u00e1rcena\u00a0de Cicero.\u00a0Y en la disciplina de TREC se realiz\u00f3 un concurso en Hazas de Cesto\u00a0organizado por el Club Los Caballucos.<\/p>\n<p style=\"text-align: justify;\">La Federaci\u00f3n aprovech\u00f3 la gala para felicitar a todos los jinetes y amazonas de Cantabria\u00a0que han conseguido muy buenos resultados en Concursos de fuera de nuestra\u00a0regi\u00f3n, siendo un verdadero orgullo ver cada fin\u00a0de semana la participaci\u00f3n de nuestros federados por toda la geograf\u00eda\u00a0espa\u00f1ola, y muchas veces, encontrarles en los m\u00e1s alto de la clasificaci\u00f3n.<\/p>\n<p style=\"text-align: justify;\">El esfuerzo diario de los deportistas de la FCH, sus familias y entrenadores han\u00a0servido para posicionar a Cantabria en importantes concursos nacionales y\u00a0tambi\u00e9n internacionales, o en eventos de referencia como la Liga Norte de Salto, el\u00a0Trofeo Princesa de Asturias o el Trofeo Infanta Elena, entre otros.<\/p>\n<p style=\"text-align: justify;\">Entre los grandes destacados del 2018 se encuentra Juli\u00e1n Vinuesa,\u00a0seleccionado con el equipo nacional para el Campeonato de Europa de Completo,\u00a0celebrado en Fontainebleau (Francia); Elena Ruiz realiz\u00f3 una temporada\u00a0excepcional, destacando su triunfo en la prueba de 1.40 metros del Internacional\u00a0de Barcelona; Jaime Su\u00e1rez fue cuarto en el Campeonato de Espa\u00f1a Amateur en la\u00a0categor\u00eda de 1.40 metros celebrado en el Club de Campo de Madrid o\u00a0Roberto Laherr\u00e1n, fue subcampe\u00f3n de Espa\u00f1a Veteranos de Raid en la\u00a0distancia de 90 km celebrado en Xinzo de Limia. Adem\u00e1s, el jinete vasco pero con licencia de la FCH, Iv\u00e1n Serrano, cosech\u00f3 importantes triunfos en pruebas internacionales.<\/p>\n<p style=\"text-align: justify;\">En la XXI Gala se entreg\u00f3 un galard\u00f3n a los campeones de Cantabria (junto con los segundos y terceros clasificados) en sus respectivas categor\u00edas y disciplinas, y tambi\u00e9n a los ganadores de las Ligas de Salto y Doma Cl\u00e1sica 2018.<\/p>\n<p style=\"text-align: justify;\">Adem\u00e1s, la Federaci\u00f3n entreg\u00f3 una menci\u00f3n especial a las amazonas,\u00a0Jimena Garc\u00eda Rueda, subcampeona de Espa\u00f1a de\u00a0categor\u00eda infantil en salto; Amaia Mart\u00ednez \u00c1valos, medalla de bronce por equipos\u00a0en el Campeonato de Espa\u00f1a de Competo y Aralar G\u00f3mez M\u00e1rquez, medalla de\u00a0bronce en la categor\u00eda de menores del Campeonato de Espa\u00f1a de TREC.<\/p>\n<p style=\"text-align: justify;\">Por \u00faltimo, la Federaci\u00f3n C\u00e1ntabra de H\u00edpica quiso tener un detalle con la joven amazona local,\u00a0Carmen Ortueta, que en el pasado mes de mayo, en un tr\u00e1gico accidente de tr\u00e1fico camino de un concurso de Valladolid, su caballo \u00abFerdinand de Ruyco\u00bb falleci\u00f3. Carmen, que continua vinculada a la actividad h\u00edpica, se llev\u00f3 una fuerte ovaci\u00f3n de los m\u00e1s de 300 asistentes de la Gala.<\/p>\n<p style=\"text-align: justify;\">La Gala, que fue presentada por el periodista de Radio Marca Cantabria, Israel D\u00edaz, cont\u00f3 con la presencia de Miguel \u00c1ngel Cuevas, director general de Ganader\u00eda del Gobierno de Cantabria; Juan Dom\u00ednguez, Concejal de Deportes del Excmo. Ayuntamiento de Santander; Eugenio Heredia, Teniente Coronel de la Yeguada Militar de Ibio; concejales de la corporaci\u00f3n municipal del Ayuntamiento de Arnuero o el Presidente de la Federaci\u00f3n Navarra de H\u00edpica, Patxi Jim\u00e9nez, junto con los miembros, propietarios, presidentes y profesores de los clubes federados de Cantabria, los jueces nacionales y territoriales, directivos \u00a0y colaboradores de la FCH, y los grandes protagonistas de la noche, los deportistas, acompa\u00f1ado de sus familiares.<\/p>\n","protected":false},"excerpt":{"rendered":"<p>En el Hotel Sardinero de Santander tuvo lugar la Gala H\u00edpica de la Federaci\u00f3n C\u00e1ntabra, que este a\u00f1o lleg\u00f3 a su vig\u00e9sima primera edici\u00f3n<\/p>\n","protected":false},"author":1,"featured_media":6839,"comment_status":"closed","ping_status":"closed","sticky":false,"template":"","format":"standard","meta":{"kt_blocks_editor_width":"","_jetpack_memberships_contains_paid_content":false,"footnotes":"","jetpack_publicize_message":"","jetpack_publicize_feature_enabled":true,"jetpack_social_post_already_shared":true,"jetpack_social_options":{"image_generator_settings":{"template":"highway","default_image_id":0,"font":"","enabled":false},"version":2}},"categories":[6],"tags":[],"class_list":["post-6838","post","type-post","status-publish","format-standard","has-post-thumbnail","hentry","category-noticias"],"jetpack_publicize_connections":[],"jetpack_featured_media_url":"https:\/\/i0.wp.com\/federacioncantabradehipica.com\/web\/wp-content\/uploads\/2019\/01\/PLP_6279.jpg?fit=3000%2C2001&ssl=1","jetpack_sharing_enabled":true,"jetpack_shortlink":"https:\/\/wp.me\/p3jrBv-1Mi","jetpack_likes_enabled":false,"_links":{"self":[{"href":"https:\/\/federacioncantabradehipica.com\/web\/index.php?rest_route=\/wp\/v2\/posts\/6838","targetHints":{"allow":["GET"]}}],"collection":[{"href":"https:\/\/federacioncantabradehipica.com\/web\/index.php?rest_route=\/wp\/v2\/posts"}],"about":[{"href":"https:\/\/federacioncantabradehipica.com\/web\/index.php?rest_route=\/wp\/v2\/types\/post"}],"author":[{"embeddable":true,"href":"https:\/\/federacioncantabradehipica.com\/web\/index.php?rest_route=\/wp\/v2\/users\/1"}],"replies":[{"embeddable":true,"href":"https:\/\/federacioncantabradehipica.com\/web\/index.php?rest_route=%2Fwp%2Fv2%2Fcomments&post=6838"}],"version-history":[{"count":1,"href":"https:\/\/federacioncantabradehipica.com\/web\/index.php?rest_route=\/wp\/v2\/posts\/6838\/revisions"}],"predecessor-version":[{"id":6840,"href":"https:\/\/federacioncantabradehipica.com\/web\/index.php?rest_route=\/wp\/v2\/posts\/6838\/revisions\/6840"}],"wp:featuredmedia":[{"embeddable":true,"href":"https:\/\/federacioncantabradehipica.com\/web\/index.php?rest_route=\/wp\/v2\/media\/6839"}],"wp:attachment":[{"href":"https:\/\/federacioncantabradehipica.com\/web\/index.php?rest_route=%2Fwp%2Fv2%2Fmedia&parent=6838"}],"wp:term":[{"taxonomy":"category","embeddable":true,"href":"https:\/\/federacioncantabradehipica.com\/web\/index.php?rest_route=%2Fwp%2Fv2%2Fcategories&post=6838"},{"taxonomy":"post_tag","embeddable":true,"href":"https:\/\/federacioncantabradehipica.com\/web\/index.php?rest_route=%2Fwp%2Fv2%2Ftags&post=6838"}],"curies":[{"name":"wp","href":"https:\/\/api.w.org\/{rel}","templated":true}]}}