{"id":697,"date":"2013-04-28T20:08:43","date_gmt":"2013-04-28T18:08:43","guid":{"rendered":"http:\/\/federacioncantabradehipica.com\/web\/?p=697"},"modified":"2013-05-27T08:21:55","modified_gmt":"2013-05-27T06:21:55","slug":"comenzo-la-liga-cantabra-de-doma-clasica-2013-en-el-ch-laredo","status":"publish","type":"post","link":"https:\/\/federacioncantabradehipica.com\/web\/?p=697","title":{"rendered":"Comenz\u00f3 la Liga C\u00e1ntabra de Doma Cl\u00e1sica 2013 en el CH Laredo"},"content":{"rendered":"<p>Tras aplazarse hasta en dos ocasiones, la Liga C\u00e1ntabra de Doma Cl\u00e1sica comenz\u00f3 hoy en el Centro H\u00edpico Laredo<strong>.\u00a0Carlos G\u00f3mez Fern\u00e1ndez<\/strong> fue el ganador de la prueba preliminar de potros de cinco a\u00f1os con &#8216;C\u00e1ntabrico CPK&#8217;. En la preliminar de potros de seis a\u00f1os, <strong>Idoia Gonz\u00e1lez Arteche<\/strong> logr\u00f3 la mejor puntuaci\u00f3n con &#8216;Sirtaki&#8217;.<\/p>\n<p>En la prueba de promoci\u00f3n &#8216;asiento y posici\u00f3n&#8217;, <strong>Belen Fern\u00e1ndez Santurtun<\/strong> fue primera con &#8216;Dunkel&#8217;, <strong>Andrea D\u00edaz Sanchez<\/strong>, segunda, y <strong>Aitana G\u00f3mez Gutierrez<\/strong>, tercera. En la prueba &#8216;alev\u00edn&#8217;, <strong>Marina L\u00f3pez Fern\u00e1ndez<\/strong> con &#8216;Cleopatra&#8217; finaliz\u00f3 primera. En la categor\u00eda &#8216;infantil&#8217;, <strong>Lara Jimenez Iraolagoitia<\/strong>\u00a0gan\u00f3 con &#8216;L&#8217; Amour 18&#8242;.<\/p>\n<p>La prueba de &#8216;Juveniles*&#8217; fue ganada por <strong>Ana Costas Toca<\/strong> con &#8216;Sinuoso&#8217;, mientras que, la de &#8216;Juveniles 0*&#8217; fue ganada por <strong>Luis Manuel Gutierrez Mart\u00ednez<\/strong> con &#8216;Hoby Holly&#8217;. En la \u00faltima prueba de la jornada (J\u00f3venes Jinetes) <strong>Ana Costas Toca<\/strong> logr\u00f3 la mejor puntuaci\u00f3n con &#8216;Mirlito XVI&#8217;<\/p>\n<h2 style=\"text-align: center;\"><a href=\"http:\/\/federacioncantabradehipica.com\/web\/?p=129\"><strong>RESULTADOS<\/strong><\/a><\/h2>\n<h2 style=\"text-align: center;\"><a href=\"https:\/\/www.facebook.com\/media\/set\/?set=a.529740477062019.1073741896.505823252787075&amp;type=1&amp;l=79c0f5f29d\">GALER\u00cdA DE FOTOS<\/a><\/h2>\n","protected":false},"excerpt":{"rendered":"<p>Tras aplazarse hasta en dos ocasiones, la Liga C\u00e1ntabra de Doma Cl\u00e1sica comenz\u00f3 hoy en el Centro H\u00edpico Laredo.\u00a0Carlos G\u00f3mez Fern\u00e1ndez fue el ganador de la prueba preliminar de potros de cinco a\u00f1os con &#8216;C\u00e1ntabrico CPK&#8217;. En la preliminar de &hellip; <a href=\"https:\/\/federacioncantabradehipica.com\/web\/?p=697\">Continuar<\/a><\/p>\n","protected":false},"author":1,"featured_media":700,"comment_status":"closed","ping_status":"closed","sticky":false,"template":"","format":"standard","meta":{"kt_blocks_editor_width":"","_jetpack_memberships_contains_paid_content":false,"footnotes":"","jetpack_publicize_message":"","jetpack_publicize_feature_enabled":true,"jetpack_social_post_already_shared":false,"jetpack_social_options":{"image_generator_settings":{"template":"highway","default_image_id":0,"font":"","enabled":false},"version":2}},"categories":[6],"tags":[],"class_list":["post-697","post","type-post","status-publish","format-standard","has-post-thumbnail","hentry","category-noticias"],"jetpack_publicize_connections":[],"jetpack_featured_media_url":"https:\/\/i0.wp.com\/federacioncantabradehipica.com\/web\/wp-content\/uploads\/2013\/04\/domalaredo20131.jpg?fit=2250%2C1717&ssl=1","jetpack_sharing_enabled":true,"jetpack_shortlink":"https:\/\/wp.me\/p3jrBv-bf","jetpack_likes_enabled":false,"_links":{"self":[{"href":"https:\/\/federacioncantabradehipica.com\/web\/index.php?rest_route=\/wp\/v2\/posts\/697","targetHints":{"allow":["GET"]}}],"collection":[{"href":"https:\/\/federacioncantabradehipica.com\/web\/index.php?rest_route=\/wp\/v2\/posts"}],"about":[{"href":"https:\/\/federacioncantabradehipica.com\/web\/index.php?rest_route=\/wp\/v2\/types\/post"}],"author":[{"embeddable":true,"href":"https:\/\/federacioncantabradehipica.com\/web\/index.php?rest_route=\/wp\/v2\/users\/1"}],"replies":[{"embeddable":true,"href":"https:\/\/federacioncantabradehipica.com\/web\/index.php?rest_route=%2Fwp%2Fv2%2Fcomments&post=697"}],"version-history":[{"count":6,"href":"https:\/\/federacioncantabradehipica.com\/web\/index.php?rest_route=\/wp\/v2\/posts\/697\/revisions"}],"predecessor-version":[{"id":710,"href":"https:\/\/federacioncantabradehipica.com\/web\/index.php?rest_route=\/wp\/v2\/posts\/697\/revisions\/710"}],"wp:featuredmedia":[{"embeddable":true,"href":"https:\/\/federacioncantabradehipica.com\/web\/index.php?rest_route=\/wp\/v2\/media\/700"}],"wp:attachment":[{"href":"https:\/\/federacioncantabradehipica.com\/web\/index.php?rest_route=%2Fwp%2Fv2%2Fmedia&parent=697"}],"wp:term":[{"taxonomy":"category","embeddable":true,"href":"https:\/\/federacioncantabradehipica.com\/web\/index.php?rest_route=%2Fwp%2Fv2%2Fcategories&post=697"},{"taxonomy":"post_tag","embeddable":true,"href":"https:\/\/federacioncantabradehipica.com\/web\/index.php?rest_route=%2Fwp%2Fv2%2Ftags&post=697"}],"curies":[{"name":"wp","href":"https:\/\/api.w.org\/{rel}","templated":true}]}}