{"id":7053,"date":"2019-04-22T09:10:34","date_gmt":"2019-04-22T07:10:34","guid":{"rendered":"http:\/\/federacioncantabradehipica.com\/web\/?p=7053"},"modified":"2019-04-22T09:11:01","modified_gmt":"2019-04-22T07:11:01","slug":"dos-medallas-de-plata-en-el-campeonato-de-espana-de-menores-de-salto-2019","status":"publish","type":"post","link":"https:\/\/federacioncantabradehipica.com\/web\/?p=7053","title":{"rendered":"Dos medallas de plata en el Campeonato de Espa\u00f1a de Menores de Salto 2019"},"content":{"rendered":"<p style=\"text-align: center;\"><strong>Muy buenos resultados en el Campeonato de Espa\u00f1a, con dos medallas de plata: una en competici\u00f3n individual para Gabriela Perez Mimendez y otra por equipos en la categor\u00eda infantil.<\/strong> <!--more--><\/p>\n<figure id=\"attachment_7054\" class=\"thumbnail wp-caption alignright\" style=\"width: 300px\"><img data-recalc-dims=\"1\" loading=\"lazy\" decoding=\"async\" data-attachment-id=\"7054\" data-permalink=\"https:\/\/federacioncantabradehipica.com\/web\/?attachment_id=7054\" data-orig-file=\"https:\/\/i0.wp.com\/federacioncantabradehipica.com\/web\/wp-content\/uploads\/2019\/04\/58003951_1195308850643451_8120580754871681024_n.jpg?fit=960%2C640&amp;ssl=1\" data-orig-size=\"960,640\" data-comments-opened=\"0\" data-image-meta=\"{&quot;aperture&quot;:&quot;0&quot;,&quot;credit&quot;:&quot;&quot;,&quot;camera&quot;:&quot;&quot;,&quot;caption&quot;:&quot;&quot;,&quot;created_timestamp&quot;:&quot;0&quot;,&quot;copyright&quot;:&quot;&quot;,&quot;focal_length&quot;:&quot;0&quot;,&quot;iso&quot;:&quot;0&quot;,&quot;shutter_speed&quot;:&quot;0&quot;,&quot;title&quot;:&quot;&quot;,&quot;orientation&quot;:&quot;0&quot;}\" data-image-title=\"58003951_1195308850643451_8120580754871681024_n\" data-image-description=\"\" data-image-caption=\"\" data-large-file=\"https:\/\/i0.wp.com\/federacioncantabradehipica.com\/web\/wp-content\/uploads\/2019\/04\/58003951_1195308850643451_8120580754871681024_n.jpg?fit=960%2C640&amp;ssl=1\" class=\"wp-image-7054 size-medium\" src=\"https:\/\/i0.wp.com\/federacioncantabradehipica.com\/web\/wp-content\/uploads\/2019\/04\/58003951_1195308850643451_8120580754871681024_n-300x200.jpg?resize=300%2C200\" alt=\"\" width=\"300\" height=\"200\" srcset=\"https:\/\/i0.wp.com\/federacioncantabradehipica.com\/web\/wp-content\/uploads\/2019\/04\/58003951_1195308850643451_8120580754871681024_n.jpg?resize=300%2C200&amp;ssl=1 300w, https:\/\/i0.wp.com\/federacioncantabradehipica.com\/web\/wp-content\/uploads\/2019\/04\/58003951_1195308850643451_8120580754871681024_n.jpg?resize=150%2C100&amp;ssl=1 150w, https:\/\/i0.wp.com\/federacioncantabradehipica.com\/web\/wp-content\/uploads\/2019\/04\/58003951_1195308850643451_8120580754871681024_n.jpg?w=960&amp;ssl=1 960w\" sizes=\"auto, (max-width: 300px) 100vw, 300px\" \/><figcaption class=\"caption wp-caption-text\">Foto: Centro Ecuestre de Castilla y Le\u00f3n<\/figcaption><\/figure>\n<p style=\"text-align: justify;\">Cantabria ha sido protagonista en el Campeonato de Espa\u00f1a de Menores de Salto 2019. Por una parte, el equipo de infantiles \u00abFederaci\u00f3n C\u00e1ntabra de H\u00edpica 1\u00bb, formado por Gabriela Perez Mimendez con \u00abPolidora\u00bb, Jimena Garcia Rueda con \u00abNahar Z\u00bb, Luc\u00eda San Martin Seti\u00e9n, con \u00abCalcetines\u00bb y Pablo Gonz\u00e1lez L\u00f3pez con \u00abDatine II\u00bb, lograron la medalla de plata.<\/p>\n<p style=\"text-align: justify;\">Se da la circunstancia de que todos los componentes del equipo infantil que representaron\u00a0 a Cantabria, eran del mismo club Equus Jaime Su\u00e1rez, capitaneado por el propio Jaime Su\u00e1rez.<\/p>\n<p style=\"text-align: justify;\">En categor\u00eda individual, la \u00fanica medalla fue para Gabriela Perez Mimendez, montando a Polidora, que en su primer Campeonato de Espa\u00f1a consigui\u00f3 una medalla de plata.<\/p>\n<p>El resto de representantes de Cantabria consiguieron los siguientes puestos en categor\u00eda individual:<\/p>\n<ul>\n<li>Celia Cobo Teran: 5\u00b0 puesto en categor\u00eda alev\u00edn, del equipo Heras Sport Horses, montando a G&amp;Luca Brasi<\/li>\n<li>Lucia San Martin Seti\u00e9n: 6\u00b0 puesto en categor\u00eda infantil<\/li>\n<li>Jimena Garcia Rueda: 6\u00b0 en categor\u00eda infantil 1*<\/li>\n<li>Pablo Gonzalez Lopez: 12\u00b0 en categor\u00eda infantil 1*<\/li>\n<\/ul>\n<p style=\"text-align: justify;\">Completaron la representaci\u00f3n de Cantabria en los campeonatos Aridia Lav\u00edn Meruelo, del equipo Equus Jaime Su\u00e1rez, en categor\u00eda Juvenil y Mar\u00eda Colsa Guti\u00e9rrez y Victoria Lopez P\u00e9rez, ambas del equipo de la Yeguada El Pomar, en infantiles. Estas tres amazonas se quedaron a las puertas de entrar en las finales de sus respectivas categor\u00edas.<\/p>\n","protected":false},"excerpt":{"rendered":"<p>Muy buenos resultados en el Campeonato de Espa\u00f1a, con dos medallas de plata: una en competici\u00f3n individual para Gabriela Perez Mimendez y otra por equipos en la categor\u00eda infantil.<\/p>\n","protected":false},"author":1,"featured_media":7054,"comment_status":"closed","ping_status":"closed","sticky":false,"template":"","format":"standard","meta":{"kt_blocks_editor_width":"","_jetpack_memberships_contains_paid_content":false,"footnotes":"","jetpack_publicize_message":"\u2b07\ufe0f\ud83e\udd48Extraordinarios resultados de los federados c\u00e1ntabros en el  Campeonato de Espa\u00f1a de Menores de Salto","jetpack_publicize_feature_enabled":true,"jetpack_social_post_already_shared":true,"jetpack_social_options":{"image_generator_settings":{"template":"highway","default_image_id":0,"font":"","enabled":false},"version":2}},"categories":[6],"tags":[],"class_list":["post-7053","post","type-post","status-publish","format-standard","has-post-thumbnail","hentry","category-noticias"],"jetpack_publicize_connections":[],"jetpack_featured_media_url":"https:\/\/i0.wp.com\/federacioncantabradehipica.com\/web\/wp-content\/uploads\/2019\/04\/58003951_1195308850643451_8120580754871681024_n.jpg?fit=960%2C640&ssl=1","jetpack_sharing_enabled":true,"jetpack_shortlink":"https:\/\/wp.me\/p3jrBv-1PL","jetpack_likes_enabled":false,"_links":{"self":[{"href":"https:\/\/federacioncantabradehipica.com\/web\/index.php?rest_route=\/wp\/v2\/posts\/7053","targetHints":{"allow":["GET"]}}],"collection":[{"href":"https:\/\/federacioncantabradehipica.com\/web\/index.php?rest_route=\/wp\/v2\/posts"}],"about":[{"href":"https:\/\/federacioncantabradehipica.com\/web\/index.php?rest_route=\/wp\/v2\/types\/post"}],"author":[{"embeddable":true,"href":"https:\/\/federacioncantabradehipica.com\/web\/index.php?rest_route=\/wp\/v2\/users\/1"}],"replies":[{"embeddable":true,"href":"https:\/\/federacioncantabradehipica.com\/web\/index.php?rest_route=%2Fwp%2Fv2%2Fcomments&post=7053"}],"version-history":[{"count":1,"href":"https:\/\/federacioncantabradehipica.com\/web\/index.php?rest_route=\/wp\/v2\/posts\/7053\/revisions"}],"predecessor-version":[{"id":7055,"href":"https:\/\/federacioncantabradehipica.com\/web\/index.php?rest_route=\/wp\/v2\/posts\/7053\/revisions\/7055"}],"wp:featuredmedia":[{"embeddable":true,"href":"https:\/\/federacioncantabradehipica.com\/web\/index.php?rest_route=\/wp\/v2\/media\/7054"}],"wp:attachment":[{"href":"https:\/\/federacioncantabradehipica.com\/web\/index.php?rest_route=%2Fwp%2Fv2%2Fmedia&parent=7053"}],"wp:term":[{"taxonomy":"category","embeddable":true,"href":"https:\/\/federacioncantabradehipica.com\/web\/index.php?rest_route=%2Fwp%2Fv2%2Fcategories&post=7053"},{"taxonomy":"post_tag","embeddable":true,"href":"https:\/\/federacioncantabradehipica.com\/web\/index.php?rest_route=%2Fwp%2Fv2%2Ftags&post=7053"}],"curies":[{"name":"wp","href":"https:\/\/api.w.org\/{rel}","templated":true}]}}