{"id":7059,"date":"2019-04-22T09:16:50","date_gmt":"2019-04-22T07:16:50","guid":{"rendered":"http:\/\/federacioncantabradehipica.com\/web\/?p=7059"},"modified":"2019-04-28T09:19:41","modified_gmt":"2019-04-28T07:19:41","slug":"la-liga-cantabra-de-saltos-2019-continuo-en-el-ch-laredo","status":"publish","type":"post","link":"https:\/\/federacioncantabradehipica.com\/web\/?p=7059","title":{"rendered":"La Liga C\u00e1ntabra de Saltos 2019 continu\u00f3 en el CH Laredo"},"content":{"rendered":"<p style=\"text-align: center;\"><strong>Gran n\u00famero de participantes en la sede del Centro H\u00edpico Laredo<\/strong><!--more--><\/p>\n<p style=\"text-align: justify;\"><img data-recalc-dims=\"1\" loading=\"lazy\" decoding=\"async\" data-attachment-id=\"7060\" data-permalink=\"https:\/\/federacioncantabradehipica.com\/web\/?attachment_id=7060\" data-orig-file=\"https:\/\/i0.wp.com\/federacioncantabradehipica.com\/web\/wp-content\/uploads\/2019\/04\/58669631_2177677348934982_8226714653795811328_o.jpg?fit=1848%2C1224&amp;ssl=1\" data-orig-size=\"1848,1224\" data-comments-opened=\"0\" data-image-meta=\"{&quot;aperture&quot;:&quot;0&quot;,&quot;credit&quot;:&quot;&quot;,&quot;camera&quot;:&quot;&quot;,&quot;caption&quot;:&quot;&quot;,&quot;created_timestamp&quot;:&quot;0&quot;,&quot;copyright&quot;:&quot;&quot;,&quot;focal_length&quot;:&quot;0&quot;,&quot;iso&quot;:&quot;0&quot;,&quot;shutter_speed&quot;:&quot;0&quot;,&quot;title&quot;:&quot;&quot;,&quot;orientation&quot;:&quot;0&quot;}\" data-image-title=\"58669631_2177677348934982_8226714653795811328_o\" data-image-description=\"\" data-image-caption=\"\" data-large-file=\"https:\/\/i0.wp.com\/federacioncantabradehipica.com\/web\/wp-content\/uploads\/2019\/04\/58669631_2177677348934982_8226714653795811328_o.jpg?fit=1024%2C678&amp;ssl=1\" class=\"size-medium wp-image-7060 alignright\" src=\"https:\/\/i0.wp.com\/federacioncantabradehipica.com\/web\/wp-content\/uploads\/2019\/04\/58669631_2177677348934982_8226714653795811328_o-300x199.jpg?resize=300%2C199\" alt=\"\" width=\"300\" height=\"199\" srcset=\"https:\/\/i0.wp.com\/federacioncantabradehipica.com\/web\/wp-content\/uploads\/2019\/04\/58669631_2177677348934982_8226714653795811328_o.jpg?resize=300%2C199&amp;ssl=1 300w, https:\/\/i0.wp.com\/federacioncantabradehipica.com\/web\/wp-content\/uploads\/2019\/04\/58669631_2177677348934982_8226714653795811328_o.jpg?resize=150%2C99&amp;ssl=1 150w, https:\/\/i0.wp.com\/federacioncantabradehipica.com\/web\/wp-content\/uploads\/2019\/04\/58669631_2177677348934982_8226714653795811328_o.jpg?resize=1024%2C678&amp;ssl=1 1024w, https:\/\/i0.wp.com\/federacioncantabradehipica.com\/web\/wp-content\/uploads\/2019\/04\/58669631_2177677348934982_8226714653795811328_o.jpg?w=1848&amp;ssl=1 1848w\" sizes=\"auto, (max-width: 300px) 100vw, 300px\" \/>Luc\u00eda Gonzalo, Paula Regil, Leticia Santander, Alba Cobo, Adri\u00e1n L\u00f3pez, Mar Ter\u00e1n y Javier Cu\u00f1arro, fueron los vencedores de las siete pruebas oficiales de la sede de la Liga C\u00e1ntabra de Saltos 2019 que fue organizado por el Centro H\u00edpico Laredo el pasado domingo.<\/p>\n<p style=\"text-align: justify;\">La pr\u00f3xima cita de salto en el calendario h\u00edpico c\u00e1ntabro ser\u00e1 la siguiente sede de la Liga el domingo d\u00eda 12 de mayo en la Yeguada El Pomar<\/p>\n<ul>\n<li><a href=\"http:\/\/federacioncantabradehipica.com\/web\/?tribe_events=liga-de-salto-ch-laredo-2\">Resultados y clasificaci\u00f3n general<\/a><\/li>\n<\/ul>\n","protected":false},"excerpt":{"rendered":"<p>Gran n\u00famero de participantes en la sede del Centro H\u00edpico Laredo<\/p>\n","protected":false},"author":1,"featured_media":7060,"comment_status":"closed","ping_status":"closed","sticky":false,"template":"","format":"standard","meta":{"kt_blocks_editor_width":"","_jetpack_memberships_contains_paid_content":false,"footnotes":"","jetpack_publicize_message":"La Liga C\u00e1ntabra de Saltos 2019 continu\u00f3 en el CH Laredo","jetpack_publicize_feature_enabled":true,"jetpack_social_post_already_shared":true,"jetpack_social_options":{"image_generator_settings":{"template":"highway","default_image_id":0,"font":"","enabled":false},"version":2}},"categories":[6],"tags":[],"class_list":["post-7059","post","type-post","status-publish","format-standard","has-post-thumbnail","hentry","category-noticias"],"jetpack_publicize_connections":[],"jetpack_featured_media_url":"https:\/\/i0.wp.com\/federacioncantabradehipica.com\/web\/wp-content\/uploads\/2019\/04\/58669631_2177677348934982_8226714653795811328_o.jpg?fit=1848%2C1224&ssl=1","jetpack_sharing_enabled":true,"jetpack_shortlink":"https:\/\/wp.me\/p3jrBv-1PR","jetpack_likes_enabled":false,"_links":{"self":[{"href":"https:\/\/federacioncantabradehipica.com\/web\/index.php?rest_route=\/wp\/v2\/posts\/7059","targetHints":{"allow":["GET"]}}],"collection":[{"href":"https:\/\/federacioncantabradehipica.com\/web\/index.php?rest_route=\/wp\/v2\/posts"}],"about":[{"href":"https:\/\/federacioncantabradehipica.com\/web\/index.php?rest_route=\/wp\/v2\/types\/post"}],"author":[{"embeddable":true,"href":"https:\/\/federacioncantabradehipica.com\/web\/index.php?rest_route=\/wp\/v2\/users\/1"}],"replies":[{"embeddable":true,"href":"https:\/\/federacioncantabradehipica.com\/web\/index.php?rest_route=%2Fwp%2Fv2%2Fcomments&post=7059"}],"version-history":[{"count":2,"href":"https:\/\/federacioncantabradehipica.com\/web\/index.php?rest_route=\/wp\/v2\/posts\/7059\/revisions"}],"predecessor-version":[{"id":7062,"href":"https:\/\/federacioncantabradehipica.com\/web\/index.php?rest_route=\/wp\/v2\/posts\/7059\/revisions\/7062"}],"wp:featuredmedia":[{"embeddable":true,"href":"https:\/\/federacioncantabradehipica.com\/web\/index.php?rest_route=\/wp\/v2\/media\/7060"}],"wp:attachment":[{"href":"https:\/\/federacioncantabradehipica.com\/web\/index.php?rest_route=%2Fwp%2Fv2%2Fmedia&parent=7059"}],"wp:term":[{"taxonomy":"category","embeddable":true,"href":"https:\/\/federacioncantabradehipica.com\/web\/index.php?rest_route=%2Fwp%2Fv2%2Fcategories&post=7059"},{"taxonomy":"post_tag","embeddable":true,"href":"https:\/\/federacioncantabradehipica.com\/web\/index.php?rest_route=%2Fwp%2Fv2%2Ftags&post=7059"}],"curies":[{"name":"wp","href":"https:\/\/api.w.org\/{rel}","templated":true}]}}