{"id":7063,"date":"2019-04-27T09:19:53","date_gmt":"2019-04-27T07:19:53","guid":{"rendered":"http:\/\/federacioncantabradehipica.com\/web\/?p=7063"},"modified":"2019-04-28T09:24:40","modified_gmt":"2019-04-28T07:24:40","slug":"jimena-garcia-convocada-con-la-seleccion-nacional-de-hipica-children","status":"publish","type":"post","link":"https:\/\/federacioncantabradehipica.com\/web\/?p=7063","title":{"rendered":"Jimena Garc\u00eda, convocada con la Selecci\u00f3n Nacional de H\u00edpica Children"},"content":{"rendered":"<p style=\"text-align: center;\"><strong>La joven amazona c\u00e1ntabra disputar\u00e1 la Copa de Naciones con Espa\u00f1a<\/strong><!--more--><\/p>\n<p style=\"text-align: justify;\"><img data-recalc-dims=\"1\" loading=\"lazy\" decoding=\"async\" data-attachment-id=\"7066\" data-permalink=\"https:\/\/federacioncantabradehipica.com\/web\/?attachment_id=7066\" data-orig-file=\"https:\/\/i0.wp.com\/federacioncantabradehipica.com\/web\/wp-content\/uploads\/2019\/04\/WhatsApp-Image-2019-04-27-at-12.18.29.jpg?fit=1024%2C1022&amp;ssl=1\" data-orig-size=\"1024,1022\" data-comments-opened=\"0\" data-image-meta=\"{&quot;aperture&quot;:&quot;0&quot;,&quot;credit&quot;:&quot;&quot;,&quot;camera&quot;:&quot;&quot;,&quot;caption&quot;:&quot;&quot;,&quot;created_timestamp&quot;:&quot;0&quot;,&quot;copyright&quot;:&quot;&quot;,&quot;focal_length&quot;:&quot;0&quot;,&quot;iso&quot;:&quot;0&quot;,&quot;shutter_speed&quot;:&quot;0&quot;,&quot;title&quot;:&quot;&quot;,&quot;orientation&quot;:&quot;0&quot;}\" data-image-title=\"WhatsApp Image 2019-04-27 at 12.18.29\" data-image-description=\"\" data-image-caption=\"\" data-large-file=\"https:\/\/i0.wp.com\/federacioncantabradehipica.com\/web\/wp-content\/uploads\/2019\/04\/WhatsApp-Image-2019-04-27-at-12.18.29.jpg?fit=1024%2C1022&amp;ssl=1\" class=\" wp-image-7066 alignright\" src=\"https:\/\/i0.wp.com\/federacioncantabradehipica.com\/web\/wp-content\/uploads\/2019\/04\/WhatsApp-Image-2019-04-27-at-12.18.29-300x300.jpg?resize=200%2C200\" alt=\"\" width=\"200\" height=\"200\" srcset=\"https:\/\/i0.wp.com\/federacioncantabradehipica.com\/web\/wp-content\/uploads\/2019\/04\/WhatsApp-Image-2019-04-27-at-12.18.29.jpg?resize=300%2C300&amp;ssl=1 300w, https:\/\/i0.wp.com\/federacioncantabradehipica.com\/web\/wp-content\/uploads\/2019\/04\/WhatsApp-Image-2019-04-27-at-12.18.29.jpg?resize=150%2C150&amp;ssl=1 150w, https:\/\/i0.wp.com\/federacioncantabradehipica.com\/web\/wp-content\/uploads\/2019\/04\/WhatsApp-Image-2019-04-27-at-12.18.29.jpg?w=1024&amp;ssl=1 1024w\" sizes=\"auto, (max-width: 200px) 100vw, 200px\" \/>La federada c\u00e1ntabra Jimena Garc\u00eda Rueda ha sido convocada por la Real Federaci\u00f3n Espa\u00f1ola de H\u00edpica para participar con el equipo espa\u00f1ol, de la categor\u00eda Children, en la Copa de Naciones, que se disputar\u00e1 la pr\u00f3xima semana, entre los d\u00edas 2 y 5 de mayo, en la localidad francesa de Fotainebleau.<\/p>\n<p style=\"text-align: justify;\">La joven amazona, de tan solo 13 a\u00f1os, recibe este premio al esfuerzo y constancia durante los \u00faltimos a\u00f1os, con un importante palmar\u00e9s, ocupando primeros puestos en distintas categor\u00edas y concursos a nivel nacional e internacional .<\/p>\n<p style=\"text-align: justify;\">\u00a1Desde la Federaci\u00f3n C\u00e1ntabra de H\u00edpica estamos muy orgullosos de nuestros deportistas, y te deseamos mucha suerte, Jimena, en esta nueva andadura!<\/p>\n","protected":false},"excerpt":{"rendered":"<p>La joven amazona c\u00e1ntabra disputar\u00e1 la Copa de Naciones con Espa\u00f1a<\/p>\n","protected":false},"author":1,"featured_media":7066,"comment_status":"closed","ping_status":"closed","sticky":false,"template":"","format":"standard","meta":{"kt_blocks_editor_width":"","_jetpack_memberships_contains_paid_content":false,"footnotes":"","jetpack_publicize_message":"Jimena Garc\u00eda, convocada con la Selecci\u00f3n Nacional de H\u00edpica Children","jetpack_publicize_feature_enabled":true,"jetpack_social_post_already_shared":true,"jetpack_social_options":{"image_generator_settings":{"template":"highway","default_image_id":0,"font":"","enabled":false},"version":2}},"categories":[6],"tags":[],"class_list":["post-7063","post","type-post","status-publish","format-standard","has-post-thumbnail","hentry","category-noticias"],"jetpack_publicize_connections":[],"jetpack_featured_media_url":"https:\/\/i0.wp.com\/federacioncantabradehipica.com\/web\/wp-content\/uploads\/2019\/04\/WhatsApp-Image-2019-04-27-at-12.18.29.jpg?fit=1024%2C1022&ssl=1","jetpack_sharing_enabled":true,"jetpack_shortlink":"https:\/\/wp.me\/p3jrBv-1PV","jetpack_likes_enabled":false,"_links":{"self":[{"href":"https:\/\/federacioncantabradehipica.com\/web\/index.php?rest_route=\/wp\/v2\/posts\/7063","targetHints":{"allow":["GET"]}}],"collection":[{"href":"https:\/\/federacioncantabradehipica.com\/web\/index.php?rest_route=\/wp\/v2\/posts"}],"about":[{"href":"https:\/\/federacioncantabradehipica.com\/web\/index.php?rest_route=\/wp\/v2\/types\/post"}],"author":[{"embeddable":true,"href":"https:\/\/federacioncantabradehipica.com\/web\/index.php?rest_route=\/wp\/v2\/users\/1"}],"replies":[{"embeddable":true,"href":"https:\/\/federacioncantabradehipica.com\/web\/index.php?rest_route=%2Fwp%2Fv2%2Fcomments&post=7063"}],"version-history":[{"count":1,"href":"https:\/\/federacioncantabradehipica.com\/web\/index.php?rest_route=\/wp\/v2\/posts\/7063\/revisions"}],"predecessor-version":[{"id":7067,"href":"https:\/\/federacioncantabradehipica.com\/web\/index.php?rest_route=\/wp\/v2\/posts\/7063\/revisions\/7067"}],"wp:featuredmedia":[{"embeddable":true,"href":"https:\/\/federacioncantabradehipica.com\/web\/index.php?rest_route=\/wp\/v2\/media\/7066"}],"wp:attachment":[{"href":"https:\/\/federacioncantabradehipica.com\/web\/index.php?rest_route=%2Fwp%2Fv2%2Fmedia&parent=7063"}],"wp:term":[{"taxonomy":"category","embeddable":true,"href":"https:\/\/federacioncantabradehipica.com\/web\/index.php?rest_route=%2Fwp%2Fv2%2Fcategories&post=7063"},{"taxonomy":"post_tag","embeddable":true,"href":"https:\/\/federacioncantabradehipica.com\/web\/index.php?rest_route=%2Fwp%2Fv2%2Ftags&post=7063"}],"curies":[{"name":"wp","href":"https:\/\/api.w.org\/{rel}","templated":true}]}}