{"id":7093,"date":"2019-05-05T22:31:35","date_gmt":"2019-05-05T20:31:35","guid":{"rendered":"http:\/\/federacioncantabradehipica.com\/web\/?p=7093"},"modified":"2019-05-06T22:34:53","modified_gmt":"2019-05-06T20:34:53","slug":"jinetes-y-amazonas-de-cantabria-en-el-concurso-nacional-de-salto-csn3-finca-el-pinar","status":"publish","type":"post","link":"https:\/\/federacioncantabradehipica.com\/web\/?p=7093","title":{"rendered":"Jinetes y amazonas de Cantabria en el Concurso Nacional de Salto CSN3* Finca El Pinar"},"content":{"rendered":"<p style=\"text-align: center;\">Iv\u00e1n Serrano, Celia Cobo y Adri\u00e1n L\u00f3pez triunfan en Segovia<!--more--><\/p>\n<p style=\"text-align: justify;\"><img data-recalc-dims=\"1\" loading=\"lazy\" decoding=\"async\" data-attachment-id=\"7094\" data-permalink=\"https:\/\/federacioncantabradehipica.com\/web\/?attachment_id=7094\" data-orig-file=\"https:\/\/i0.wp.com\/federacioncantabradehipica.com\/web\/wp-content\/uploads\/2019\/05\/Captura-de-pantalla-2019-05-06-a-las-22.33.55.png?fit=1134%2C638&amp;ssl=1\" data-orig-size=\"1134,638\" data-comments-opened=\"0\" data-image-meta=\"{&quot;aperture&quot;:&quot;0&quot;,&quot;credit&quot;:&quot;&quot;,&quot;camera&quot;:&quot;&quot;,&quot;caption&quot;:&quot;&quot;,&quot;created_timestamp&quot;:&quot;0&quot;,&quot;copyright&quot;:&quot;&quot;,&quot;focal_length&quot;:&quot;0&quot;,&quot;iso&quot;:&quot;0&quot;,&quot;shutter_speed&quot;:&quot;0&quot;,&quot;title&quot;:&quot;&quot;,&quot;orientation&quot;:&quot;0&quot;}\" data-image-title=\"Captura de pantalla 2019-05-06 a las 22.33.55\" data-image-description=\"\" data-image-caption=\"\" data-large-file=\"https:\/\/i0.wp.com\/federacioncantabradehipica.com\/web\/wp-content\/uploads\/2019\/05\/Captura-de-pantalla-2019-05-06-a-las-22.33.55.png?fit=1024%2C576&amp;ssl=1\" class=\"size-medium wp-image-7094 alignright\" src=\"https:\/\/i0.wp.com\/federacioncantabradehipica.com\/web\/wp-content\/uploads\/2019\/05\/Captura-de-pantalla-2019-05-06-a-las-22.33.55-300x169.png?resize=300%2C169\" alt=\"\" width=\"300\" height=\"169\" srcset=\"https:\/\/i0.wp.com\/federacioncantabradehipica.com\/web\/wp-content\/uploads\/2019\/05\/Captura-de-pantalla-2019-05-06-a-las-22.33.55.png?resize=300%2C169&amp;ssl=1 300w, https:\/\/i0.wp.com\/federacioncantabradehipica.com\/web\/wp-content\/uploads\/2019\/05\/Captura-de-pantalla-2019-05-06-a-las-22.33.55.png?resize=150%2C84&amp;ssl=1 150w, https:\/\/i0.wp.com\/federacioncantabradehipica.com\/web\/wp-content\/uploads\/2019\/05\/Captura-de-pantalla-2019-05-06-a-las-22.33.55.png?resize=1024%2C576&amp;ssl=1 1024w, https:\/\/i0.wp.com\/federacioncantabradehipica.com\/web\/wp-content\/uploads\/2019\/05\/Captura-de-pantalla-2019-05-06-a-las-22.33.55.png?w=1134&amp;ssl=1 1134w\" sizes=\"auto, (max-width: 300px) 100vw, 300px\" \/>NO\u00c9 P\u00c9REZ | Hasta la localidad Segoviana de Codorniz se desplazaron nuestros Jinetes y Amazonas el pasado fin de semana para competir en el Campeonato Nacional de Salto CSN3* FINCA EL PINAR, que se celebraba del 3 al 5 de Mayo, destacando con una gran actuaci\u00f3n Iv\u00e1n Serrano y Adri\u00e1n L\u00f3pez, vencedores en una de las pruebas y Celia Cobo ganadora en dos pruebas disputadas en las jornadas del S\u00e1bado y Domingo.<\/p>\n<p style=\"text-align: justify;\">No tardaron en llegar los primeros triunfos para los nuestros, ya que en la Jornada inaugural del viernes, Adri\u00e1n L\u00f3pez con CASPAR II venc\u00edan en la prueba de 1,10 m. Iv\u00e1n Serrano con VESUBIO TAME era segundo clasificado en 1,35m y el mismo jinete formando binomio con OSMAN DEL PAS, se clasificaba en cuarto lugar en dicha prueba, mientras que Alejandro L\u00f3pez Ar\u00f3stegui con \u00d3LIVER DE OLID era tercer clasificado en esa altura. Iv\u00e1n Serrano con VERY DU MARAIS pon\u00eda la guinda a la primera de las tres jornadas del concurso siendo el vencedor en la<br \/>\nprueba de 1,30m.<\/p>\n<p style=\"text-align: justify;\">En las Jornadas del S\u00e1bado y Domingo, fue la amazona Celia Cobo la m\u00e1s destacada, ya que fue la triunfadora en la prueba de 0,95m con ABRICOT D \u0301AUDES y cuarta clasificada en el Peque\u00f1o Gran Premio (PGP) 1,20m con CHEVALIER B . El domingo se hac\u00eda con la victoria en el PGP 1,10m con ABRICOT D \u0301AUDES y era cuarta clasificada en la prueba de 1,20m con CHEVALIER B, mientras que el otro jinete destacado del fin de semana, Iv\u00e1n Serrano fue segundo en el Gran Premio 1,40m (GP) con COACH CORNET Z y cuarto clasificado en la misma prueba con OSMAN DEL PAS, mientras que en la prueba de 1,30m esta vez formando binomio con MAR\u00cdA BONITA finalizaba en cuarta posici\u00f3n.<\/p>\n<p style=\"text-align: justify;\">Hubo tambi\u00e9n grandes resultados por parte de otros Jinetes y Amazonas c\u00e1ntabros, finalizando entre los cinco primeros clasificados, como por ejemplo Pablo D\u00edaz con ALTO DU ROC cuarto clasificado en la prueba de 1,40m del s\u00e1bado, as\u00ed como Zoe G\u00f3mez con SHAKIR DE OLID que fue quinta en la prueba de 1,10 en esa misma jornada y por \u00faltimo, el domingo tambi\u00e9n fue rese\u00f1able el quinto puesto de Lucas Lopez con TOO MUCH AL ROC en el PGP 1,10m<\/p>\n<p style=\"text-align: justify;\">El concurso se desarroll\u00f3 bajo unas condiciones meteorol\u00f3gicas id\u00f3neas para la pr\u00e1ctica de la h\u00edpica y se dieron cita Jinetes y Amazonas de muchas provincias, con una gran organizaci\u00f3n por parte del Centro H\u00edpico Finca El Pinar.<\/p>\n","protected":false},"excerpt":{"rendered":"<p>Iv\u00e1n Serrano, Celia Cobo y Adri\u00e1n L\u00f3pez triunfan en Segovia<\/p>\n","protected":false},"author":1,"featured_media":7094,"comment_status":"closed","ping_status":"closed","sticky":false,"template":"","format":"standard","meta":{"kt_blocks_editor_width":"","_jetpack_memberships_contains_paid_content":false,"footnotes":"","jetpack_publicize_message":"","jetpack_publicize_feature_enabled":true,"jetpack_social_post_already_shared":true,"jetpack_social_options":{"image_generator_settings":{"template":"highway","default_image_id":0,"font":"","enabled":false},"version":2}},"categories":[6],"tags":[],"class_list":["post-7093","post","type-post","status-publish","format-standard","has-post-thumbnail","hentry","category-noticias"],"jetpack_publicize_connections":[],"jetpack_featured_media_url":"https:\/\/i0.wp.com\/federacioncantabradehipica.com\/web\/wp-content\/uploads\/2019\/05\/Captura-de-pantalla-2019-05-06-a-las-22.33.55.png?fit=1134%2C638&ssl=1","jetpack_sharing_enabled":true,"jetpack_shortlink":"https:\/\/wp.me\/p3jrBv-1Qp","jetpack_likes_enabled":false,"_links":{"self":[{"href":"https:\/\/federacioncantabradehipica.com\/web\/index.php?rest_route=\/wp\/v2\/posts\/7093","targetHints":{"allow":["GET"]}}],"collection":[{"href":"https:\/\/federacioncantabradehipica.com\/web\/index.php?rest_route=\/wp\/v2\/posts"}],"about":[{"href":"https:\/\/federacioncantabradehipica.com\/web\/index.php?rest_route=\/wp\/v2\/types\/post"}],"author":[{"embeddable":true,"href":"https:\/\/federacioncantabradehipica.com\/web\/index.php?rest_route=\/wp\/v2\/users\/1"}],"replies":[{"embeddable":true,"href":"https:\/\/federacioncantabradehipica.com\/web\/index.php?rest_route=%2Fwp%2Fv2%2Fcomments&post=7093"}],"version-history":[{"count":1,"href":"https:\/\/federacioncantabradehipica.com\/web\/index.php?rest_route=\/wp\/v2\/posts\/7093\/revisions"}],"predecessor-version":[{"id":7095,"href":"https:\/\/federacioncantabradehipica.com\/web\/index.php?rest_route=\/wp\/v2\/posts\/7093\/revisions\/7095"}],"wp:featuredmedia":[{"embeddable":true,"href":"https:\/\/federacioncantabradehipica.com\/web\/index.php?rest_route=\/wp\/v2\/media\/7094"}],"wp:attachment":[{"href":"https:\/\/federacioncantabradehipica.com\/web\/index.php?rest_route=%2Fwp%2Fv2%2Fmedia&parent=7093"}],"wp:term":[{"taxonomy":"category","embeddable":true,"href":"https:\/\/federacioncantabradehipica.com\/web\/index.php?rest_route=%2Fwp%2Fv2%2Fcategories&post=7093"},{"taxonomy":"post_tag","embeddable":true,"href":"https:\/\/federacioncantabradehipica.com\/web\/index.php?rest_route=%2Fwp%2Fv2%2Ftags&post=7093"}],"curies":[{"name":"wp","href":"https:\/\/api.w.org\/{rel}","templated":true}]}}