{"id":7110,"date":"2019-05-15T21:53:35","date_gmt":"2019-05-15T19:53:35","guid":{"rendered":"http:\/\/federacioncantabradehipica.com\/web\/?p=7110"},"modified":"2019-05-17T21:56:29","modified_gmt":"2019-05-17T19:56:29","slug":"presentada-la-i-copa-siec-de-salto","status":"publish","type":"post","link":"https:\/\/federacioncantabradehipica.com\/web\/?p=7110","title":{"rendered":"Presentada la I Copa SIEC de Salto"},"content":{"rendered":"<p style=\"text-align: center;\"><strong>Organizado por el Centro H\u00edpico HERAS Horses &amp; Events, se trata de un novedoso formato compuesto por seis concursos h\u00edpicos de salto a lo largo del a\u00f1o.<\/strong><!--more--><\/p>\n<p style=\"text-align: justify;\"><img data-recalc-dims=\"1\" loading=\"lazy\" decoding=\"async\" data-attachment-id=\"7111\" data-permalink=\"https:\/\/federacioncantabradehipica.com\/web\/?attachment_id=7111\" data-orig-file=\"https:\/\/i0.wp.com\/federacioncantabradehipica.com\/web\/wp-content\/uploads\/2019\/05\/Captura-de-pantalla-2019-05-17-a-las-21.55.54.png?fit=888%2C530&amp;ssl=1\" data-orig-size=\"888,530\" data-comments-opened=\"0\" data-image-meta=\"{&quot;aperture&quot;:&quot;0&quot;,&quot;credit&quot;:&quot;&quot;,&quot;camera&quot;:&quot;&quot;,&quot;caption&quot;:&quot;&quot;,&quot;created_timestamp&quot;:&quot;0&quot;,&quot;copyright&quot;:&quot;&quot;,&quot;focal_length&quot;:&quot;0&quot;,&quot;iso&quot;:&quot;0&quot;,&quot;shutter_speed&quot;:&quot;0&quot;,&quot;title&quot;:&quot;&quot;,&quot;orientation&quot;:&quot;0&quot;}\" data-image-title=\"Captura de pantalla 2019-05-17 a las 21.55.54\" data-image-description=\"\" data-image-caption=\"\" data-large-file=\"https:\/\/i0.wp.com\/federacioncantabradehipica.com\/web\/wp-content\/uploads\/2019\/05\/Captura-de-pantalla-2019-05-17-a-las-21.55.54.png?fit=888%2C530&amp;ssl=1\" class=\"size-medium wp-image-7111 alignright\" src=\"https:\/\/i0.wp.com\/federacioncantabradehipica.com\/web\/wp-content\/uploads\/2019\/05\/Captura-de-pantalla-2019-05-17-a-las-21.55.54-300x179.png?resize=300%2C179\" alt=\"\" width=\"300\" height=\"179\" srcset=\"https:\/\/i0.wp.com\/federacioncantabradehipica.com\/web\/wp-content\/uploads\/2019\/05\/Captura-de-pantalla-2019-05-17-a-las-21.55.54.png?resize=300%2C179&amp;ssl=1 300w, https:\/\/i0.wp.com\/federacioncantabradehipica.com\/web\/wp-content\/uploads\/2019\/05\/Captura-de-pantalla-2019-05-17-a-las-21.55.54.png?resize=150%2C90&amp;ssl=1 150w, https:\/\/i0.wp.com\/federacioncantabradehipica.com\/web\/wp-content\/uploads\/2019\/05\/Captura-de-pantalla-2019-05-17-a-las-21.55.54.png?w=888&amp;ssl=1 888w\" sizes=\"auto, (max-width: 300px) 100vw, 300px\" \/>En Heras, ubicaci\u00f3n de las instalaciones del Centro H\u00edpico Organizador, HERAS Horses &amp; Events, se present\u00f3 el pasado mi\u00e9rcoles la primera edici\u00f3n de la Copa SIEC de Salto, que arranca este s\u00e1bado con el primero de los seis concursos CST (Concurso de Salto Territorial) que, desde mayo a diciembre, complementar\u00e1n el calendario h\u00edpico c\u00e1ntabro de salto durante el 2019.<\/p>\n<p style=\"text-align: justify;\">De la mano de la Federaci\u00f3n C\u00e1ntabra de H\u00edpica, con la presencia de su presidente Roberto Laherr\u00e1n, su tesorero Pedro Villate y su vocal de salto B\u00e1rbara Mill\u00e1n, as\u00ed como la representaci\u00f3n municipal del Alcalde del Ayuntamiento de Medio Cudeyo, Juan Jos\u00e9 Perojo y con el Patrocinio Principal de SIEC, la Copa H\u00edpica de Salto nace con la intenci\u00f3n de consolidarse como prueba de referencia en la disciplina h\u00edpica de salto, poniendo una bolsa de premios para las clasificaciones finales valorados en m\u00e1s de 5.000 euros, repartidos en las siete pruebas que se disputar\u00e1n a lo largo de los seis concursos Jinetes y Amazonas tanto c\u00e1ntabros como de otras comunidades aut\u00f3nomas.<\/p>\n<p style=\"text-align: justify;\">Se trata de un evento deportivo impulsado por el reci\u00e9n inaugurado centro h\u00edpico HERAS Horses &amp; Events, cuyo objetivo es fomentar la pr\u00e1ctica de este noble deporte, el cual ha sido etiquetado hist\u00f3ricamente como elitista, no si\u00e9ndolo en la realidad, ya que desde el propio centro nos indican que muchos de sus Alumnos, compiten con caballos de escuela, sin necesidad de invertir grandes cantidades de dinero en su propio caballo, incluso sin necesidad de tener silla ni otro material deportivo costoso.<\/p>\n<p style=\"text-align: justify;\">Adem\u00e1s, este evento compuesto por seis concursos complementa el calendario ya existente en Cantabria, dando la posibilidad a Jinetes y Amazonas c\u00e1ntabros de poder competir un mayor n\u00famero de veces en Cantabria, sin tener que realizar desplazamientos fuera de nuestra Regi\u00f3n, con el consiguiente coste econ\u00f3mico que esto genera para los deportistas y sus familiares.<\/p>\n<p style=\"text-align: justify;\">En la presentaci\u00f3n, la Direcci\u00f3n del Centro H\u00edpico, de la mano de Federico Cobo San Miguel y Federico Cobo Casal, agradecieron el apoyo de los Patrocinadores Oficiales de la Copa, ya que con su colaboraci\u00f3n hacen de esta idea una realidad, qu\u00e9 tal y como les explicaron, el objetivo es que se consolide como prueba de referencia en Cantabria.<\/p>\n<p style=\"text-align: justify;\">Por su parte, tanto SIEC, patrocinador principal, como el resto de los patrocinadores oficiales: Ayuntamiento de Medio Cudeyo, Ventanas Arsan, Mayba, Etxe-Holz, Asociaci\u00f3n Mujer y Talento, Liberbank y Produque, acudieron a este acto en su clara apuesta por el patrocinio y apoyo a eventos deportivos, caso de la h\u00edpica, disciplina con unos marcados valores de respeto, nobleza, compa\u00f1erismo y respeto. Por \u00faltimo, la Direcci\u00f3n del Centro H\u00edpico, tambi\u00e9n quiso destacar las colaboraciones de DS Blendio, Graficas And\u00eda, Uno Cronometrajes, H De H\u00edpica, Anbe Fotograf\u00eda y Catalpas Jardiner\u00eda que con su apoyo tambi\u00e9n han hecho posible la puesta en marcha de este nuevo evento deportivo en Cantabria.<\/p>\n","protected":false},"excerpt":{"rendered":"<p>Organizado por el Centro H\u00edpico HERAS Horses &amp; Events, se trata de un novedoso formato compuesto por seis concursos h\u00edpicos de salto a lo largo del a\u00f1o.<\/p>\n","protected":false},"author":1,"featured_media":7111,"comment_status":"closed","ping_status":"closed","sticky":false,"template":"","format":"standard","meta":{"kt_blocks_editor_width":"","_jetpack_memberships_contains_paid_content":false,"footnotes":"","jetpack_publicize_message":"","jetpack_publicize_feature_enabled":true,"jetpack_social_post_already_shared":true,"jetpack_social_options":{"image_generator_settings":{"template":"highway","default_image_id":0,"font":"","enabled":false},"version":2}},"categories":[6],"tags":[],"class_list":["post-7110","post","type-post","status-publish","format-standard","has-post-thumbnail","hentry","category-noticias"],"jetpack_publicize_connections":[],"jetpack_featured_media_url":"https:\/\/i0.wp.com\/federacioncantabradehipica.com\/web\/wp-content\/uploads\/2019\/05\/Captura-de-pantalla-2019-05-17-a-las-21.55.54.png?fit=888%2C530&ssl=1","jetpack_sharing_enabled":true,"jetpack_shortlink":"https:\/\/wp.me\/p3jrBv-1QG","jetpack_likes_enabled":false,"_links":{"self":[{"href":"https:\/\/federacioncantabradehipica.com\/web\/index.php?rest_route=\/wp\/v2\/posts\/7110","targetHints":{"allow":["GET"]}}],"collection":[{"href":"https:\/\/federacioncantabradehipica.com\/web\/index.php?rest_route=\/wp\/v2\/posts"}],"about":[{"href":"https:\/\/federacioncantabradehipica.com\/web\/index.php?rest_route=\/wp\/v2\/types\/post"}],"author":[{"embeddable":true,"href":"https:\/\/federacioncantabradehipica.com\/web\/index.php?rest_route=\/wp\/v2\/users\/1"}],"replies":[{"embeddable":true,"href":"https:\/\/federacioncantabradehipica.com\/web\/index.php?rest_route=%2Fwp%2Fv2%2Fcomments&post=7110"}],"version-history":[{"count":1,"href":"https:\/\/federacioncantabradehipica.com\/web\/index.php?rest_route=\/wp\/v2\/posts\/7110\/revisions"}],"predecessor-version":[{"id":7112,"href":"https:\/\/federacioncantabradehipica.com\/web\/index.php?rest_route=\/wp\/v2\/posts\/7110\/revisions\/7112"}],"wp:featuredmedia":[{"embeddable":true,"href":"https:\/\/federacioncantabradehipica.com\/web\/index.php?rest_route=\/wp\/v2\/media\/7111"}],"wp:attachment":[{"href":"https:\/\/federacioncantabradehipica.com\/web\/index.php?rest_route=%2Fwp%2Fv2%2Fmedia&parent=7110"}],"wp:term":[{"taxonomy":"category","embeddable":true,"href":"https:\/\/federacioncantabradehipica.com\/web\/index.php?rest_route=%2Fwp%2Fv2%2Fcategories&post=7110"},{"taxonomy":"post_tag","embeddable":true,"href":"https:\/\/federacioncantabradehipica.com\/web\/index.php?rest_route=%2Fwp%2Fv2%2Ftags&post=7110"}],"curies":[{"name":"wp","href":"https:\/\/api.w.org\/{rel}","templated":true}]}}