{"id":7229,"date":"2019-06-28T22:11:44","date_gmt":"2019-06-28T20:11:44","guid":{"rendered":"http:\/\/federacioncantabradehipica.com\/web\/?p=7229"},"modified":"2019-06-28T22:11:44","modified_gmt":"2019-06-28T20:11:44","slug":"paloma-jimenez-carmona-protagonista-en-la-primera-jornada-del-vigesimo-aniversario-del-csi-santander","status":"publish","type":"post","link":"https:\/\/federacioncantabradehipica.com\/web\/?p=7229","title":{"rendered":"Paloma Jim\u00e9nez-Carmona protagonista en la primera jornada del vig\u00e9simo aniversario del CSI Santander"},"content":{"rendered":"<p style=\"text-align: center;\"><strong>Magn\u00edfica primera jornada de competici\u00f3n internacional en la campa del Palacio de la Magdalena, con 78 salidas a pista en las tres pruebas disputadas<\/strong><!--more--><\/p>\n<p style=\"text-align: justify;\"><img data-recalc-dims=\"1\" loading=\"lazy\" decoding=\"async\" data-attachment-id=\"7230\" data-permalink=\"https:\/\/federacioncantabradehipica.com\/web\/?attachment_id=7230\" data-orig-file=\"https:\/\/i0.wp.com\/federacioncantabradehipica.com\/web\/wp-content\/uploads\/2019\/06\/paloma.jpg?fit=1300%2C865&amp;ssl=1\" data-orig-size=\"1300,865\" data-comments-opened=\"0\" data-image-meta=\"{&quot;aperture&quot;:&quot;0&quot;,&quot;credit&quot;:&quot;&quot;,&quot;camera&quot;:&quot;&quot;,&quot;caption&quot;:&quot;&quot;,&quot;created_timestamp&quot;:&quot;1561753667&quot;,&quot;copyright&quot;:&quot;&quot;,&quot;focal_length&quot;:&quot;0&quot;,&quot;iso&quot;:&quot;0&quot;,&quot;shutter_speed&quot;:&quot;0&quot;,&quot;title&quot;:&quot;&quot;,&quot;orientation&quot;:&quot;0&quot;}\" data-image-title=\"paloma\" data-image-description=\"\" data-image-caption=\"\" data-large-file=\"https:\/\/i0.wp.com\/federacioncantabradehipica.com\/web\/wp-content\/uploads\/2019\/06\/paloma.jpg?fit=1024%2C681&amp;ssl=1\" class=\"size-medium wp-image-7230 alignright\" src=\"https:\/\/i0.wp.com\/federacioncantabradehipica.com\/web\/wp-content\/uploads\/2019\/06\/paloma-300x200.jpg?resize=300%2C200\" alt=\"\" width=\"300\" height=\"200\" srcset=\"https:\/\/i0.wp.com\/federacioncantabradehipica.com\/web\/wp-content\/uploads\/2019\/06\/paloma.jpg?resize=300%2C200&amp;ssl=1 300w, https:\/\/i0.wp.com\/federacioncantabradehipica.com\/web\/wp-content\/uploads\/2019\/06\/paloma.jpg?resize=150%2C100&amp;ssl=1 150w, https:\/\/i0.wp.com\/federacioncantabradehipica.com\/web\/wp-content\/uploads\/2019\/06\/paloma.jpg?resize=1024%2C681&amp;ssl=1 1024w, https:\/\/i0.wp.com\/federacioncantabradehipica.com\/web\/wp-content\/uploads\/2019\/06\/paloma.jpg?w=1300&amp;ssl=1 1300w\" sizes=\"auto, (max-width: 300px) 100vw, 300px\" \/>El Trofeo Suzuki, la prueba m\u00e1s importante del d\u00eda con obst\u00e1culos a 1.40m de altura y 29 caballos luchando por hacerse con la victoria, ha puesto punto y final al primer d\u00eda de competici\u00f3n. Invencible la sevillana Paloma Jim\u00e9nez-Carmona, que por segunda vez en el d\u00eda de hoy daba la vuelta de honor, con un recorrido sin faltas y un rapid\u00edsimo tiempo de su yegua \u201cSherie Star\u201d. \u201cEstoy content\u00edsima con el triunfo. Esta yegua la tengo desde hace 3 a\u00f1os y es mi alma gemela. Con ella gan\u00e9, entre otras cosas, la prueba por individual en Copa de Naciones de Samorin en Eslovaquia\u201d, contaba la amazona, de 23 a\u00f1os, que ha sido ganadora de Espa\u00f1a Juvenil y Subcampeona de Espa\u00f1a Joven Jinete. \u201cEl recorrido de hoy ha sido muy divertido, estaba preparado para galopar. Yo le he intentado y me ha salido bien. Estoy muy contenta, no me lo esperaba\u201d.<\/p>\n<p style=\"text-align: justify;\">Nueve jinetes con 0 puntos intentando batir en tiempo a la sevillana, pero ninguno lo consegu\u00eda. El vasco afincado en Cantabria, Ivan Serrano, favorito para esta edici\u00f3n, ha conseguido posicionarse en segundo lugar con su caballo de referencia \u201cTam Tam du Valon\u201d. El tercero, otro jinete de entre los favoritos, siempre competitivo y al l\u00edmite, el vasco Kev\u00edn Gonz\u00e1lez de Z\u00e1rate con \u201cAtlantic Z\u201d,\u00a0\u00a0un caballo de 12 a\u00f1os \u201cal que he sentido muy bien. La sensaci\u00f3n ha sido muy buena y la pista la he visto bien. Veremos qu\u00e9 pasa los pr\u00f3ximos d\u00edas\u201d.<\/p>\n<p style=\"text-align: justify;\">La jornada empezaba con el Trofeo Eurostars Hotel Real de 1.30m de altura celebrado bajo un baremo dos fases, en el que se ha proclamado vencedor el joven jinete madrile\u00f1o, integrante del equipo nacional, Pablo Valle, con \u201cInsolite V\u2019T Molenvontel\u201d, yegua que le permiti\u00f3 ganar, hace unas semanas, una prueba en la Copa de Naciones de Wierden. Pablo es uno de los jinetes que representar\u00e1 al equipo nacional junior en el Campeonato de Europa de Holanda, el pr\u00f3ximo mes de julio.<\/p>\n<p style=\"text-align: justify;\">Paloma Jim\u00e9nez Cardona, empezaba bien el d\u00eda y junto con su yegua \u201cBetty Boop de Cluis\u201d de 8 a\u00f1os, han sido las segundas m\u00e1s r\u00e1pidas en cruzar el crono de llegada, solo 40 cent\u00e9simas de segundo, por detr\u00e1s del madrile\u00f1o.<\/p>\n<p style=\"text-align: justify;\">El tercer clasificado ha sido el canario Ismael Garc\u00eda Roque, jinete de la cuadra \u00c1lvarez Moya, con el r\u00e1pido y joven caballo de 7 a\u00f1os \u201cGrey Man\u201d, un t\u00e1ndem habitual en el podio de concursos nacionales.<\/p>\n<p style=\"text-align: justify;\">Por la tarde, las gradas de la pista central se han llenado de p\u00fablico que ha querido acercarse a disfrutar de esta evento, \u00fanico en la cordillera Cant\u00e1brica y, apostar por su jinete favorito. El joven jinete vasco, \u00c1lvaro G\u00f3nzalez de Z\u00e1rate, ha sido la apuesta ganadora en la prueba de 1.20m, Trofeo Ayuntamiento de Santander. Su \u201cMonboulette Z\u201d, yegua de 12 a\u00f1os, no le da m\u00e1s que alegr\u00edas, juntos han ganado m\u00e1s de 13 competiciones de nivel nacional e internacional y hoy, han sumado una m\u00e1s a su brillante palmar\u00e9s. Antonio G\u00f3mez Mart\u00edn, Director del IMD de Santander, entregaba tambi\u00e9n el premio al asturiano Alejandro \u00c1lvarez Guti\u00e9rrez quien junto a \u201cQuito d\u2019Anjou\u201d han realizado un brillante recorrido resultando en segunda posici\u00f3n. Tambi\u00e9n vasca la tercera clasificada, la amazona Sof\u00eda Castellanos junto a \u201cContharika\u201d, yegua que adquir\u00eda recientemente y con la que ya se entiende a la perfecci\u00f3n.<\/p>\n<p style=\"text-align: justify;\">Ma\u00f1ana las pruebas empezar\u00e1n a las 12.30h con la de 1.30m para continuar con la prueba de 1.20m a las 16.30 y la prueba estrella de 1.40m que dar\u00e1 comienzo a las 18.30h.<\/p>\n","protected":false},"excerpt":{"rendered":"<p>Magn\u00edfica primera jornada de competici\u00f3n internacional en la campa del Palacio de la Magdalena, con 78 salidas a pista en las tres pruebas disputadas<\/p>\n","protected":false},"author":1,"featured_media":7230,"comment_status":"closed","ping_status":"closed","sticky":false,"template":"","format":"standard","meta":{"kt_blocks_editor_width":"","_jetpack_memberships_contains_paid_content":false,"footnotes":"","jetpack_publicize_message":"\ud83d\udc34Paloma Jim\u00e9nez-Carmona protagonista en la primera jornada del vig\u00e9simo aniversario del CSI Santander","jetpack_publicize_feature_enabled":true,"jetpack_social_post_already_shared":true,"jetpack_social_options":{"image_generator_settings":{"template":"highway","default_image_id":0,"font":"","enabled":false},"version":2}},"categories":[6],"tags":[],"class_list":["post-7229","post","type-post","status-publish","format-standard","has-post-thumbnail","hentry","category-noticias"],"jetpack_publicize_connections":[],"jetpack_featured_media_url":"https:\/\/i0.wp.com\/federacioncantabradehipica.com\/web\/wp-content\/uploads\/2019\/06\/paloma.jpg?fit=1300%2C865&ssl=1","jetpack_sharing_enabled":true,"jetpack_shortlink":"https:\/\/wp.me\/p3jrBv-1SB","jetpack_likes_enabled":false,"_links":{"self":[{"href":"https:\/\/federacioncantabradehipica.com\/web\/index.php?rest_route=\/wp\/v2\/posts\/7229","targetHints":{"allow":["GET"]}}],"collection":[{"href":"https:\/\/federacioncantabradehipica.com\/web\/index.php?rest_route=\/wp\/v2\/posts"}],"about":[{"href":"https:\/\/federacioncantabradehipica.com\/web\/index.php?rest_route=\/wp\/v2\/types\/post"}],"author":[{"embeddable":true,"href":"https:\/\/federacioncantabradehipica.com\/web\/index.php?rest_route=\/wp\/v2\/users\/1"}],"replies":[{"embeddable":true,"href":"https:\/\/federacioncantabradehipica.com\/web\/index.php?rest_route=%2Fwp%2Fv2%2Fcomments&post=7229"}],"version-history":[{"count":1,"href":"https:\/\/federacioncantabradehipica.com\/web\/index.php?rest_route=\/wp\/v2\/posts\/7229\/revisions"}],"predecessor-version":[{"id":7231,"href":"https:\/\/federacioncantabradehipica.com\/web\/index.php?rest_route=\/wp\/v2\/posts\/7229\/revisions\/7231"}],"wp:featuredmedia":[{"embeddable":true,"href":"https:\/\/federacioncantabradehipica.com\/web\/index.php?rest_route=\/wp\/v2\/media\/7230"}],"wp:attachment":[{"href":"https:\/\/federacioncantabradehipica.com\/web\/index.php?rest_route=%2Fwp%2Fv2%2Fmedia&parent=7229"}],"wp:term":[{"taxonomy":"category","embeddable":true,"href":"https:\/\/federacioncantabradehipica.com\/web\/index.php?rest_route=%2Fwp%2Fv2%2Fcategories&post=7229"},{"taxonomy":"post_tag","embeddable":true,"href":"https:\/\/federacioncantabradehipica.com\/web\/index.php?rest_route=%2Fwp%2Fv2%2Ftags&post=7229"}],"curies":[{"name":"wp","href":"https:\/\/api.w.org\/{rel}","templated":true}]}}