{"id":7232,"date":"2019-06-29T21:40:06","date_gmt":"2019-06-29T19:40:06","guid":{"rendered":"http:\/\/federacioncantabradehipica.com\/web\/?p=7232"},"modified":"2019-06-29T21:42:44","modified_gmt":"2019-06-29T19:42:44","slug":"jesus-garmendia-con-el-caballo-cantabro-ulises-del-pomar-se-impone-en-la-prueba-grande","status":"publish","type":"post","link":"https:\/\/federacioncantabradehipica.com\/web\/?p=7232","title":{"rendered":"Jes\u00fas Garmendia con el caballo c\u00e1ntabro \u00abUlises del Pomar\u00bb se impone en la prueba grande"},"content":{"rendered":"<p style=\"text-align: center;\"><strong>Gradas llenas en la segunda jornada de competici\u00f3n del vig\u00e9simo aniversario del Concurso de Saltos Internacional de Santander<\/strong><!--more--><\/p>\n<p style=\"text-align: justify;\"><img data-recalc-dims=\"1\" loading=\"lazy\" decoding=\"async\" data-attachment-id=\"7233\" data-permalink=\"https:\/\/federacioncantabradehipica.com\/web\/?attachment_id=7233\" data-orig-file=\"https:\/\/i0.wp.com\/federacioncantabradehipica.com\/web\/wp-content\/uploads\/2019\/06\/DSC6385.jpg?fit=1300%2C865&amp;ssl=1\" data-orig-size=\"1300,865\" data-comments-opened=\"0\" data-image-meta=\"{&quot;aperture&quot;:&quot;0&quot;,&quot;credit&quot;:&quot;&quot;,&quot;camera&quot;:&quot;&quot;,&quot;caption&quot;:&quot;&quot;,&quot;created_timestamp&quot;:&quot;1561840888&quot;,&quot;copyright&quot;:&quot;&quot;,&quot;focal_length&quot;:&quot;0&quot;,&quot;iso&quot;:&quot;0&quot;,&quot;shutter_speed&quot;:&quot;0&quot;,&quot;title&quot;:&quot;&quot;,&quot;orientation&quot;:&quot;0&quot;}\" data-image-title=\"_DSC6385\" data-image-description=\"\" data-image-caption=\"\" data-large-file=\"https:\/\/i0.wp.com\/federacioncantabradehipica.com\/web\/wp-content\/uploads\/2019\/06\/DSC6385.jpg?fit=1024%2C681&amp;ssl=1\" class=\"size-medium wp-image-7233 alignright\" src=\"https:\/\/i0.wp.com\/federacioncantabradehipica.com\/web\/wp-content\/uploads\/2019\/06\/DSC6385-300x200.jpg?resize=300%2C200\" alt=\"\" width=\"300\" height=\"200\" srcset=\"https:\/\/i0.wp.com\/federacioncantabradehipica.com\/web\/wp-content\/uploads\/2019\/06\/DSC6385.jpg?resize=300%2C200&amp;ssl=1 300w, https:\/\/i0.wp.com\/federacioncantabradehipica.com\/web\/wp-content\/uploads\/2019\/06\/DSC6385.jpg?resize=150%2C100&amp;ssl=1 150w, https:\/\/i0.wp.com\/federacioncantabradehipica.com\/web\/wp-content\/uploads\/2019\/06\/DSC6385.jpg?resize=1024%2C681&amp;ssl=1 1024w, https:\/\/i0.wp.com\/federacioncantabradehipica.com\/web\/wp-content\/uploads\/2019\/06\/DSC6385.jpg?w=1300&amp;ssl=1 1300w\" sizes=\"auto, (max-width: 300px) 100vw, 300px\" \/>La lluvia no ha impedido que centenares de personas se acercasen, en esta segunda jornada a la campa del Palacio de la Magdalena, para ver disputar el Trofeo Gobierno de Cantabria con saltos de 1.40m de altura y del que ha salido ganador el jinete donostiarra Jes\u00fas Garmendia montando a \u201cUlises del Pomar\u201d, caballo criado en Cantabria que se estrena en la competici\u00f3n internacional en este CSI Santander. El jinete de San Sebasti\u00e1n, ahora afincado en Zamora, es, a d\u00eda de hoy, el \u00fanico jinete que ha conseguido dominar el Gran Premio de Santander en dos ocasiones diferentes. Desde la primera edici\u00f3n en 1999, esta pista la ha tenido siempre bien dominada. \u201cEstoy encantando de estar aqu\u00ed y haber ganado, el caballo es un caballo de propietarios c\u00e1ntabros y criado aqu\u00ed y me hace especial ilusi\u00f3n\u201d.<\/p>\n<p style=\"text-align: justify;\">Esta prueba se ha desarrollado bajo un baremo manga ganadora en la que solo los diez mejores binomios de la primera ronda, han salido para batirse en la segunda. Emocionante, por tanto, esta prueba en la que hemos visto a los mejores jinetes del panorama ecuestre nacional. La segunda clasificada ha sido la sevillana Paloma Jim\u00e9nez-Carmona, que est\u00e1 disputando un inmejorable concurso, tres podios de tres pruebas batalladas.<\/p>\n<p style=\"text-align: justify;\">R\u00e1pido tambi\u00e9n ha sido el tercer clasificado, Ismael Garc\u00eda Roque, quien tambi\u00e9n repite podio. Espectacular como salta la yegua \u201cAirline R\u201d, recientemente incorporada en la cuadra de \u00c1lvarez Moya.<\/p>\n<p style=\"text-align: justify;\">La siguiente prueba m\u00e1s importante del d\u00eda, el Trofeo Palibex, ha inaugurado esta jornada de competici\u00f3n y, un d\u00eda m\u00e1s \u2013 ayer se impon\u00edan en la prueba de 1.20m-, han sido el alav\u00e9s, jinete de Etxebarri-Ibi\u00f1a, \u00c1lvaro Gonz\u00e1lez de Z\u00e1rate con su \u201cMonboulette Z\u201d, los encargados de hacer sonar el himno nacional gracias a un impecable recorrido. Habitual ver este conjunto encabezando la clasificaci\u00f3n en este tipo de pruebas \u201cEs una suerte poder montar esta yegua que es rapid\u00edsima, como lo ha demostrado ayer y hoy, me permite arriesgar y estar en lo alto casi siempre\u201d. Sobre el recorrido dise\u00f1ado por el jefe de pista Javier Tr\u00e9nor, \u00c1lvaro resaltaba que\u00a0\u201cel recorrido de hoy estaba bien puesto con un par de vueltas complicadas y en su altura, as\u00ed que estoy muy contento\u201d.<\/p>\n<p style=\"text-align: justify;\">El segundo lugar era para la amazona Ainhoa Manero, tambi\u00e9n amazona del equipo de Etxebarri-Ibi\u00f1a, con \u201cTurquoise d\u2019Ivraie\u201d quienes juntas han realizado un gran recorrido, recortando al l\u00edmite y alcanzando un tiempo casi imposible de batir. Ainhoa monta esta yegua de 12 a\u00f1os desde enero, cuando la compr\u00f3 a la amazona francesa, y ol\u00edmpica, Eugenie Angot. Tercera clasificada ha sido la amazona asturiana, integrante del equipo nacional en Copas de Naciones, Olivia \u00c1lvarez con \u201cLord du Mont Milon\u201d, caballo de 20 a\u00f1os ganador de importantes premios internacionales. Esta joven amazona de 14 a\u00f1os participar\u00e1, en dos semanas, en el Campeonato de Europa que se celebrar\u00e1 en Holanda.<\/p>\n<p style=\"text-align: justify;\">De Etxebarri-Ibi\u00f1a, tambi\u00e9n, la ganadora del Trofeo Caser Seguros de 1.20m, Sof\u00eda Castellanos. La amazona es siempre competitiva y hoy ha realizado fant\u00e1stico recorrido con \u201cContharika\u201d que les ha permitido mantenerse en primera posici\u00f3n. Arriesgando siempre tambi\u00e9n, el jinete asturiano Alejandro \u00c1lvarez, que repite segundo puesto en esta jornada seguido por Natalia Ram\u00edrez y su reci\u00e9n adquirida yegua \u201cAw Vivika\u201d a la que compite por primera vez.<\/p>\n<p style=\"text-align: justify;\">Muy buen ambiente, casetas de apuestas ardiendo y mucha diversi\u00f3n, han sido la guinda de este s\u00e1bado, antesala del\u00a0gran d\u00eda. Ma\u00f1ana las pruebas dar\u00e1n comienzo a las 12.30h y el Gran Premio Caixabank, prueba m\u00e1s importante del concurso lo har\u00e1 a las 18.30h.<\/p>\n","protected":false},"excerpt":{"rendered":"<p>Gradas llenas en la segunda jornada de competici\u00f3n del vig\u00e9simo aniversario del Concurso de Saltos Internacional de Santander<\/p>\n","protected":false},"author":1,"featured_media":7233,"comment_status":"closed","ping_status":"closed","sticky":false,"template":"","format":"standard","meta":{"kt_blocks_editor_width":"","_jetpack_memberships_contains_paid_content":false,"footnotes":"","jetpack_publicize_message":"\ud83d\udc34Jes\u00fas Garmendia con el caballo c\u00e1ntabro \"Ulises del Pomar\" se impone en la prueba grande","jetpack_publicize_feature_enabled":true,"jetpack_social_post_already_shared":true,"jetpack_social_options":{"image_generator_settings":{"template":"highway","default_image_id":0,"font":"","enabled":false},"version":2}},"categories":[6],"tags":[],"class_list":["post-7232","post","type-post","status-publish","format-standard","has-post-thumbnail","hentry","category-noticias"],"jetpack_publicize_connections":[],"jetpack_featured_media_url":"https:\/\/i0.wp.com\/federacioncantabradehipica.com\/web\/wp-content\/uploads\/2019\/06\/DSC6385.jpg?fit=1300%2C865&ssl=1","jetpack_sharing_enabled":true,"jetpack_shortlink":"https:\/\/wp.me\/p3jrBv-1SE","jetpack_likes_enabled":false,"_links":{"self":[{"href":"https:\/\/federacioncantabradehipica.com\/web\/index.php?rest_route=\/wp\/v2\/posts\/7232","targetHints":{"allow":["GET"]}}],"collection":[{"href":"https:\/\/federacioncantabradehipica.com\/web\/index.php?rest_route=\/wp\/v2\/posts"}],"about":[{"href":"https:\/\/federacioncantabradehipica.com\/web\/index.php?rest_route=\/wp\/v2\/types\/post"}],"author":[{"embeddable":true,"href":"https:\/\/federacioncantabradehipica.com\/web\/index.php?rest_route=\/wp\/v2\/users\/1"}],"replies":[{"embeddable":true,"href":"https:\/\/federacioncantabradehipica.com\/web\/index.php?rest_route=%2Fwp%2Fv2%2Fcomments&post=7232"}],"version-history":[{"count":3,"href":"https:\/\/federacioncantabradehipica.com\/web\/index.php?rest_route=\/wp\/v2\/posts\/7232\/revisions"}],"predecessor-version":[{"id":7236,"href":"https:\/\/federacioncantabradehipica.com\/web\/index.php?rest_route=\/wp\/v2\/posts\/7232\/revisions\/7236"}],"wp:featuredmedia":[{"embeddable":true,"href":"https:\/\/federacioncantabradehipica.com\/web\/index.php?rest_route=\/wp\/v2\/media\/7233"}],"wp:attachment":[{"href":"https:\/\/federacioncantabradehipica.com\/web\/index.php?rest_route=%2Fwp%2Fv2%2Fmedia&parent=7232"}],"wp:term":[{"taxonomy":"category","embeddable":true,"href":"https:\/\/federacioncantabradehipica.com\/web\/index.php?rest_route=%2Fwp%2Fv2%2Fcategories&post=7232"},{"taxonomy":"post_tag","embeddable":true,"href":"https:\/\/federacioncantabradehipica.com\/web\/index.php?rest_route=%2Fwp%2Fv2%2Ftags&post=7232"}],"curies":[{"name":"wp","href":"https:\/\/api.w.org\/{rel}","templated":true}]}}