{"id":7237,"date":"2019-06-30T21:45:46","date_gmt":"2019-06-30T19:45:46","guid":{"rendered":"http:\/\/federacioncantabradehipica.com\/web\/?p=7237"},"modified":"2019-06-30T21:49:53","modified_gmt":"2019-06-30T19:49:53","slug":"kevin-gonzalez-de-zarate-ganador-del-gran-premio-del-csi-santander","status":"publish","type":"post","link":"https:\/\/federacioncantabradehipica.com\/web\/?p=7237","title":{"rendered":"Kevin Gonz\u00e1lez de Z\u00e1rate, ganador del Gran Premio del CSI Santander 2019"},"content":{"rendered":"<p style=\"text-align: center;\"><strong>El alav\u00e9s consigue el \u00fanico doble cero del Gran Premio en la \u00faltima jornada de competici\u00f3n de este vig\u00e9simo aniversario del CSI Santander.<\/strong><!--more--><\/p>\n<p style=\"text-align: justify;\"><img data-recalc-dims=\"1\" loading=\"lazy\" decoding=\"async\" data-attachment-id=\"7239\" data-permalink=\"https:\/\/federacioncantabradehipica.com\/web\/?attachment_id=7239\" data-orig-file=\"https:\/\/i0.wp.com\/federacioncantabradehipica.com\/web\/wp-content\/uploads\/2019\/06\/DSC7136.jpg?fit=1300%2C865&amp;ssl=1\" data-orig-size=\"1300,865\" data-comments-opened=\"0\" data-image-meta=\"{&quot;aperture&quot;:&quot;0&quot;,&quot;credit&quot;:&quot;&quot;,&quot;camera&quot;:&quot;&quot;,&quot;caption&quot;:&quot;&quot;,&quot;created_timestamp&quot;:&quot;1561924423&quot;,&quot;copyright&quot;:&quot;&quot;,&quot;focal_length&quot;:&quot;0&quot;,&quot;iso&quot;:&quot;0&quot;,&quot;shutter_speed&quot;:&quot;0&quot;,&quot;title&quot;:&quot;&quot;,&quot;orientation&quot;:&quot;0&quot;}\" data-image-title=\"_DSC7136\" data-image-description=\"\" data-image-caption=\"\" data-large-file=\"https:\/\/i0.wp.com\/federacioncantabradehipica.com\/web\/wp-content\/uploads\/2019\/06\/DSC7136.jpg?fit=1024%2C681&amp;ssl=1\" class=\"size-medium wp-image-7239 alignright\" src=\"https:\/\/i0.wp.com\/federacioncantabradehipica.com\/web\/wp-content\/uploads\/2019\/06\/DSC7136-300x200.jpg?resize=300%2C200\" alt=\"\" width=\"300\" height=\"200\" srcset=\"https:\/\/i0.wp.com\/federacioncantabradehipica.com\/web\/wp-content\/uploads\/2019\/06\/DSC7136.jpg?resize=300%2C200&amp;ssl=1 300w, https:\/\/i0.wp.com\/federacioncantabradehipica.com\/web\/wp-content\/uploads\/2019\/06\/DSC7136.jpg?resize=150%2C100&amp;ssl=1 150w, https:\/\/i0.wp.com\/federacioncantabradehipica.com\/web\/wp-content\/uploads\/2019\/06\/DSC7136.jpg?resize=1024%2C681&amp;ssl=1 1024w, https:\/\/i0.wp.com\/federacioncantabradehipica.com\/web\/wp-content\/uploads\/2019\/06\/DSC7136.jpg?w=1300&amp;ssl=1 1300w\" sizes=\"auto, (max-width: 300px) 100vw, 300px\" \/>Emoci\u00f3n hasta el \u00faltimo minuto en las gradas de la campa de la Magdalena, en la que un dif\u00edcil recorrido dise\u00f1ado por Javier Tr\u00e9nor ha complicado mucho las cosas a los 17 binomios que han salido a disputar la prueba m\u00e1s importante del fin de semana. Bajo un baremo de dos mangas, solo los 5 mejores de la primera vuelta han logrado disputar la segunda y, de ellos, solo un jinete, el alav\u00e9s Kevin Gonz\u00e1lez de Z\u00e1rate lo hac\u00eda sin puntos de penalizaci\u00f3n acumulados.<\/p>\n<p style=\"text-align: justify;\">El tinerfe\u00f1o Jos\u00e9 Fumero, el andaluz de origen mexicano, Armando Trapote, el vasco afincado en Cantabria, Ivan Serrano, los vascos Jes\u00fas Garmendia y Kevin Gonz\u00e1lez de Z\u00e1rate han arriesgado muy fuerte hasta el final, pero solo uno lograba finalizar sin faltas. \u201cEstoy feliz por haber ganado por segundo a\u00f1o el Gran Premio de Santander. La prueba estaba exigente con una \u00faltima l\u00ednea que se hac\u00eda un poco cuesta arriba, pero el caballo lo ha dado todo hasta el final. Para la segunda manga he tenido muchas dudas de si hacer un recorrido conservador e ir a asegurar el cero, o arriesgar por si derribaba. Al final he pensado que por velocidad no alcanzar\u00eda a Iv\u00e1n as\u00ed que me he decantado por la opci\u00f3n m\u00e1s segura y me ha salido bien\u201d declaraba Kevin Gonz\u00e1lez de Z\u00e1rate.<\/p>\n<p style=\"text-align: justify;\">Kevin asegura que \u201ces uno de los concursos m\u00e1s bonitos de Europa, con un entorno privilegiado que es muy dif\u00edcil de igualar. Animo a la gente a que se acerque a competir en las pr\u00f3ximas ediciones\u201d.<\/p>\n<p style=\"text-align: justify;\">Para las pr\u00f3ximas semanas, el alav\u00e9s tiene pensado hacer dos nacionales seguidos y \u201cmi gran reto es hacer un buen papel en el Gran Premio 4* de Casas Novas en el que competir\u00e9 con \u201cUrbain des Grezils\u201d y \u201cAtlantic Z\u201d.<\/p>\n<p style=\"text-align: justify;\">Finalmente, Iv\u00e1n Serrano, otro grande de la h\u00edpica nacional, se ha tenido que conformar con la segunda posici\u00f3n con \u201cTam Tam du Valon\u201d. Jos\u00e9 Fumero completaba el podio con su reci\u00e9n adquirido \u201cVicompte de la Cour\u201d.<\/p>\n<p style=\"text-align: justify;\">En el resto de pruebas disputadas en este cierre de competici\u00f3n, han liderado el asturiano Fidel D\u00e1vila en el Trofeo Oxer de 1.30m, seguido de Ainhoa Manero y la brit\u00e1nica Louise Aston con \u201cMack The Knife\u201d. En 1.20m Trofeo Frigo, la vasca Sof\u00eda Castellanos ha repetido puesto liderando la prueba con su \u201cContharika\u201d y por detr\u00e1s Gabriela P\u00e9rez Mimendez y Jaime Ruiz-Lopetegui.<\/p>\n<p style=\"text-align: justify;\">El balance de esta edici\u00f3n del Concurso Internacional de Saltos de Santander ha sido muy positivo, con un gran ambiente entre el p\u00fablico asistente, y los jinetes muy contentos con la organizaci\u00f3n y la calidad de las pistas de competici\u00f3n. Habr\u00e1 que esperar 365 d\u00edas para que la campa de la Magdalena vuelva a ser testigo de un fin de semana de competici\u00f3n internacional \u00fanico en Santander.<\/p>\n","protected":false},"excerpt":{"rendered":"<p>El alav\u00e9s consigue el \u00fanico doble cero del Gran Premio en la \u00faltima jornada de competici\u00f3n de este vig\u00e9simo aniversario del CSI Santander.<\/p>\n","protected":false},"author":1,"featured_media":7239,"comment_status":"closed","ping_status":"closed","sticky":false,"template":"","format":"standard","meta":{"kt_blocks_editor_width":"","_jetpack_memberships_contains_paid_content":false,"footnotes":"","jetpack_publicize_message":"\ud83d\udc34Kevin Gonz\u00e1lez de Z\u00e1rate, ganador del Gran Premio del CSI Santander","jetpack_publicize_feature_enabled":true,"jetpack_social_post_already_shared":true,"jetpack_social_options":{"image_generator_settings":{"template":"highway","default_image_id":0,"font":"","enabled":false},"version":2}},"categories":[6],"tags":[],"class_list":["post-7237","post","type-post","status-publish","format-standard","has-post-thumbnail","hentry","category-noticias"],"jetpack_publicize_connections":[],"jetpack_featured_media_url":"https:\/\/i0.wp.com\/federacioncantabradehipica.com\/web\/wp-content\/uploads\/2019\/06\/DSC7136.jpg?fit=1300%2C865&ssl=1","jetpack_sharing_enabled":true,"jetpack_shortlink":"https:\/\/wp.me\/p3jrBv-1SJ","jetpack_likes_enabled":false,"_links":{"self":[{"href":"https:\/\/federacioncantabradehipica.com\/web\/index.php?rest_route=\/wp\/v2\/posts\/7237","targetHints":{"allow":["GET"]}}],"collection":[{"href":"https:\/\/federacioncantabradehipica.com\/web\/index.php?rest_route=\/wp\/v2\/posts"}],"about":[{"href":"https:\/\/federacioncantabradehipica.com\/web\/index.php?rest_route=\/wp\/v2\/types\/post"}],"author":[{"embeddable":true,"href":"https:\/\/federacioncantabradehipica.com\/web\/index.php?rest_route=\/wp\/v2\/users\/1"}],"replies":[{"embeddable":true,"href":"https:\/\/federacioncantabradehipica.com\/web\/index.php?rest_route=%2Fwp%2Fv2%2Fcomments&post=7237"}],"version-history":[{"count":4,"href":"https:\/\/federacioncantabradehipica.com\/web\/index.php?rest_route=\/wp\/v2\/posts\/7237\/revisions"}],"predecessor-version":[{"id":7242,"href":"https:\/\/federacioncantabradehipica.com\/web\/index.php?rest_route=\/wp\/v2\/posts\/7237\/revisions\/7242"}],"wp:featuredmedia":[{"embeddable":true,"href":"https:\/\/federacioncantabradehipica.com\/web\/index.php?rest_route=\/wp\/v2\/media\/7239"}],"wp:attachment":[{"href":"https:\/\/federacioncantabradehipica.com\/web\/index.php?rest_route=%2Fwp%2Fv2%2Fmedia&parent=7237"}],"wp:term":[{"taxonomy":"category","embeddable":true,"href":"https:\/\/federacioncantabradehipica.com\/web\/index.php?rest_route=%2Fwp%2Fv2%2Fcategories&post=7237"},{"taxonomy":"post_tag","embeddable":true,"href":"https:\/\/federacioncantabradehipica.com\/web\/index.php?rest_route=%2Fwp%2Fv2%2Ftags&post=7237"}],"curies":[{"name":"wp","href":"https:\/\/api.w.org\/{rel}","templated":true}]}}