{"id":725,"date":"2013-05-05T21:16:06","date_gmt":"2013-05-05T19:16:06","guid":{"rendered":"http:\/\/federacioncantabradehipica.com\/web\/?p=725"},"modified":"2013-06-07T10:04:11","modified_gmt":"2013-06-07T08:04:11","slug":"cantabria-ya-conoce-a-sus-campeones-de-salto-con-ponis","status":"publish","type":"post","link":"https:\/\/federacioncantabradehipica.com\/web\/?p=725","title":{"rendered":"Cantabria ya conoce a sus campeones de salto con ponis"},"content":{"rendered":"<p style=\"text-align: center;\">El Centro Ecuestre La Gerencia acogi\u00f3 el Campeonato de Cantabria de Saltos con Ponis 2013.<\/p>\n<p style=\"text-align: center;\"><!--more--><\/p>\n<p style=\"text-align: left;\"><em>Pablo Lanza |\u00a0<\/em>En la categor\u00eda de &#8216;<strong>Ponis D&#8217;<\/strong>, <strong>Mar\u00eda Le\u00f3n Gonz\u00e1lez<\/strong> con &#8216;Black Beauty&#8217; \u00a0de Equus Liencres se proclam\u00f3 Campeona de Cantabria. <strong>Robin Alonso Ten Zeldam<\/strong> logr\u00f3 la medalla de plata con &#8216;Vega&#8217; y tercero fue <strong>C\u00e9sar Alonso Vidal de la Pe\u00f1a<\/strong> con &#8216;Salmon Omellete&#8217;.<\/p>\n<p style=\"text-align: left;\">En la categor\u00eda &#8216;<strong>D2<\/strong>&#8216;, <strong>Karmele Ruiz Garc\u00eda<\/strong> logr\u00f3 la medalla de oro con &#8216;Lag-Usambur&#8217;. El jinete de La Gerencia, <strong>Manuel Ciri\u00f3n<\/strong>, con &#8216;P\u00edkara&#8217; logr\u00f3 la medalla de plata, mientras que, <strong>Paloma Ceballos<\/strong>, consigui\u00f3 la de bronce con &#8216;Viento&#8217;.<\/p>\n<p style=\"text-align: left;\">En &#8216;<strong>Ponis C<\/strong>&#8216;, <strong>Cesar Alonso Vidal de la Pe\u00f1a<\/strong> se proclam\u00f3 Campe\u00f3n de Cantabria con &#8216;Carlitos&#8217;. La medalla de plata fue para <strong>Patricia G\u00f3mez<\/strong> y la de bronce para <strong>Karmele Ruiz<\/strong>, ambas con &#8216;Lisboa&#8217;.<\/p>\n<p style=\"text-align: left;\"><strong>Garazi Marquina del Rey<\/strong> logr\u00f3 la medalla de oro en la categor\u00eda de &#8216;Ponis C2&#8217; con &#8216;Perdig\u00f3n&#8217;, segunda finaliz\u00f3 <strong>Elena Ruiz Fern\u00e1ndez<\/strong> con &#8216;Jasper II&#8217; y tercera <strong>Mar\u00eda Mart\u00ednez Solozabal<\/strong>.<\/p>\n<p style=\"text-align: left;\">En &#8216;Ponis B&#8217;, el jinete de Equus Liencres, <strong>Rub\u00e9n Guti\u00e9rrez Vena<\/strong> con &#8216;Careta&#8217; se adjudic\u00f3 el Campeonato Cantabria. <strong>Juli\u00e1n Vinuesa<\/strong> logr\u00f3 la medalla de plata con &#8216;Ober\u00f3n&#8217; y tercera fue <strong>Marta Martlote Fombellida<\/strong> con &#8216;Gogor&#8217;<\/p>\n<p style=\"text-align: left;\">En la categor\u00eda de &#8216;Ponis B2&#8217;, el triunf\u00f3 se qued\u00f3 en &#8216;casa&#8217; despu\u00e9s de que <strong>Juli\u00e1n Vinuesa Gallego<\/strong> lograse la medalla de oro. <strong>Iris Guti\u00e9rrez Vena<\/strong> finaliz\u00f3 segundo con &#8216;Careta&#8217;, mientras que, <strong>Amaia Mart\u00ednez Avalos<\/strong> fue tercera con &#8216;Peter&#8217;.<\/p>\n<p style=\"text-align: left;\">Por \u00faltimo, en la prueba de &#8216;Ponis A&#8217;, <strong>Victoria Alonso Vidal de la Pe\u00f1a<\/strong> logr\u00f3 la medalla de oro con &#8216;Cinderella 463&#8217;, la medalla de plata fue para <strong>Marta Morlote Fombellida<\/strong> con &#8216;Gominola&#8217;, y la de bronce para <strong>Ana Fern\u00e1ndez de Velasco<\/strong> con &#8216;Cuco&#8217;.<\/p>\n<h2 style=\"text-align: center;\"><a href=\"http:\/\/federacioncantabradehipica.com\/web\/?p=173\">RESULTADOS<\/a><\/h2>\n<h3 style=\"text-align: center;\"><span style=\"text-decoration: underline;\"><strong><a href=\"http:\/\/www.facebook.com\/media\/set\/?set=a.532092106826856.1073741899.505823252787075&amp;type=1&amp;l=1411c2278b\">FOTOGRAF\u00cdAS (Liga)<\/a><br \/>\n<\/strong><\/span><\/h3>\n<h3 style=\"text-align: center;\"><a href=\"http:\/\/www.facebook.com\/media\/set\/?set=a.532660813436652.1073741900.505823252787075&amp;type=1&amp;l=93a36058c7\">FOTOGRAF\u00cdAS (Campeonato)<\/a><\/h3>\n","protected":false},"excerpt":{"rendered":"<p>El Centro Ecuestre La Gerencia acogi\u00f3 el Campeonato de Cantabria de Saltos con Ponis 2013.<\/p>\n","protected":false},"author":1,"featured_media":745,"comment_status":"closed","ping_status":"closed","sticky":false,"template":"","format":"standard","meta":{"kt_blocks_editor_width":"","_jetpack_memberships_contains_paid_content":false,"footnotes":"","jetpack_publicize_message":"","jetpack_publicize_feature_enabled":true,"jetpack_social_post_already_shared":false,"jetpack_social_options":{"image_generator_settings":{"template":"highway","default_image_id":0,"font":"","enabled":false},"version":2}},"categories":[6],"tags":[],"class_list":["post-725","post","type-post","status-publish","format-standard","has-post-thumbnail","hentry","category-noticias"],"jetpack_publicize_connections":[],"jetpack_featured_media_url":"https:\/\/i0.wp.com\/federacioncantabradehipica.com\/web\/wp-content\/uploads\/2013\/05\/ponis-campeonato-2013-cantabria.png?fit=617%2C400&ssl=1","jetpack_sharing_enabled":true,"jetpack_shortlink":"https:\/\/wp.me\/p3jrBv-bH","jetpack_likes_enabled":false,"_links":{"self":[{"href":"https:\/\/federacioncantabradehipica.com\/web\/index.php?rest_route=\/wp\/v2\/posts\/725","targetHints":{"allow":["GET"]}}],"collection":[{"href":"https:\/\/federacioncantabradehipica.com\/web\/index.php?rest_route=\/wp\/v2\/posts"}],"about":[{"href":"https:\/\/federacioncantabradehipica.com\/web\/index.php?rest_route=\/wp\/v2\/types\/post"}],"author":[{"embeddable":true,"href":"https:\/\/federacioncantabradehipica.com\/web\/index.php?rest_route=\/wp\/v2\/users\/1"}],"replies":[{"embeddable":true,"href":"https:\/\/federacioncantabradehipica.com\/web\/index.php?rest_route=%2Fwp%2Fv2%2Fcomments&post=725"}],"version-history":[{"count":14,"href":"https:\/\/federacioncantabradehipica.com\/web\/index.php?rest_route=\/wp\/v2\/posts\/725\/revisions"}],"predecessor-version":[{"id":727,"href":"https:\/\/federacioncantabradehipica.com\/web\/index.php?rest_route=\/wp\/v2\/posts\/725\/revisions\/727"}],"wp:featuredmedia":[{"embeddable":true,"href":"https:\/\/federacioncantabradehipica.com\/web\/index.php?rest_route=\/wp\/v2\/media\/745"}],"wp:attachment":[{"href":"https:\/\/federacioncantabradehipica.com\/web\/index.php?rest_route=%2Fwp%2Fv2%2Fmedia&parent=725"}],"wp:term":[{"taxonomy":"category","embeddable":true,"href":"https:\/\/federacioncantabradehipica.com\/web\/index.php?rest_route=%2Fwp%2Fv2%2Fcategories&post=725"},{"taxonomy":"post_tag","embeddable":true,"href":"https:\/\/federacioncantabradehipica.com\/web\/index.php?rest_route=%2Fwp%2Fv2%2Ftags&post=725"}],"curies":[{"name":"wp","href":"https:\/\/api.w.org\/{rel}","templated":true}]}}