{"id":7253,"date":"2019-07-05T22:49:09","date_gmt":"2019-07-05T20:49:09","guid":{"rendered":"http:\/\/federacioncantabradehipica.com\/web\/?p=7253"},"modified":"2019-07-05T22:58:44","modified_gmt":"2019-07-05T20:58:44","slug":"comenzo-el-csn-2-equus-gornazo-con-el-triunfo-de-patricia-gomez-en-la-prueba-grande","status":"publish","type":"post","link":"https:\/\/federacioncantabradehipica.com\/web\/?p=7253","title":{"rendered":"Comenz\u00f3 el CSN 2* Equus Gornazo con el triunfo de Patricia G\u00f3mez en la prueba grande"},"content":{"rendered":"<p style=\"text-align: center;\"><strong>Patricia G\u00f3mez se ha impuesto en el Trofeo Equus Gornazo disputado esta tarde<\/strong><!--more--><\/p>\n<p style=\"text-align: justify;\"><img data-recalc-dims=\"1\" loading=\"lazy\" decoding=\"async\" data-attachment-id=\"7255\" data-permalink=\"https:\/\/federacioncantabradehipica.com\/web\/?attachment_id=7255\" data-orig-file=\"https:\/\/i0.wp.com\/federacioncantabradehipica.com\/web\/wp-content\/uploads\/2019\/07\/Primera-Segunda-y-tercer-clasificado-CSN-viernes-768x487.jpg?fit=768%2C487&amp;ssl=1\" data-orig-size=\"768,487\" data-comments-opened=\"0\" data-image-meta=\"{&quot;aperture&quot;:&quot;0&quot;,&quot;credit&quot;:&quot;&quot;,&quot;camera&quot;:&quot;&quot;,&quot;caption&quot;:&quot;&quot;,&quot;created_timestamp&quot;:&quot;0&quot;,&quot;copyright&quot;:&quot;&quot;,&quot;focal_length&quot;:&quot;0&quot;,&quot;iso&quot;:&quot;0&quot;,&quot;shutter_speed&quot;:&quot;0&quot;,&quot;title&quot;:&quot;&quot;,&quot;orientation&quot;:&quot;0&quot;}\" data-image-title=\"Primera-Segunda-y-tercer-clasificado-CSN-viernes-768&amp;#215;487\" data-image-description=\"\" data-image-caption=\"\" data-large-file=\"https:\/\/i0.wp.com\/federacioncantabradehipica.com\/web\/wp-content\/uploads\/2019\/07\/Primera-Segunda-y-tercer-clasificado-CSN-viernes-768x487.jpg?fit=768%2C487&amp;ssl=1\" class=\"size-medium wp-image-7255 alignright\" src=\"https:\/\/i0.wp.com\/federacioncantabradehipica.com\/web\/wp-content\/uploads\/2019\/07\/Primera-Segunda-y-tercer-clasificado-CSN-viernes-768x487-300x190.jpg?resize=300%2C190\" alt=\"\" width=\"300\" height=\"190\" srcset=\"https:\/\/i0.wp.com\/federacioncantabradehipica.com\/web\/wp-content\/uploads\/2019\/07\/Primera-Segunda-y-tercer-clasificado-CSN-viernes-768x487.jpg?resize=300%2C190&amp;ssl=1 300w, https:\/\/i0.wp.com\/federacioncantabradehipica.com\/web\/wp-content\/uploads\/2019\/07\/Primera-Segunda-y-tercer-clasificado-CSN-viernes-768x487.jpg?resize=150%2C95&amp;ssl=1 150w, https:\/\/i0.wp.com\/federacioncantabradehipica.com\/web\/wp-content\/uploads\/2019\/07\/Primera-Segunda-y-tercer-clasificado-CSN-viernes-768x487.jpg?resize=80%2C50&amp;ssl=1 80w, https:\/\/i0.wp.com\/federacioncantabradehipica.com\/web\/wp-content\/uploads\/2019\/07\/Primera-Segunda-y-tercer-clasificado-CSN-viernes-768x487.jpg?resize=768%2C487&amp;ssl=1 768w\" sizes=\"auto, (max-width: 300px) 100vw, 300px\" \/>GRUPO TEIBA | La amazona Patricia G\u00f3mez gan\u00f3 la prueba de 1\u00b430 con Up Light Berence, sumando 0 puntos, con un tiempo de 57,42 sg.; segunda qued\u00f3 Ana Cuesta, a lomos de Pancho G., que sum\u00f3 0 puntos y un tiempo de 59,54 sg; el podio lo complet\u00f3 Jaime Silvela con Makuru, igualmente con 0 puntos y un tiempo de 60,15 sg. La prueba cont\u00f3 con una gran participaci\u00f3n y un tiempo sensacional, que hizo que numeroso p\u00fablico se acercase a las instalaciones de Equus en Gornazo.<\/p>\n<p style=\"text-align: justify;\">La jornada comenz\u00f3 con la celebraci\u00f3n de las pruebas no oficiales dedicadas a los jinetes y amazonas m\u00e1s j\u00f3venes del concurso, donde destac\u00f3 la participaci\u00f3n de Adriana Gonz\u00e1lez con \u2018Fosquito\u2019, Diego Rodr\u00edguez con \u2018Unikiss\u2019 y Beatriz Ter\u00e1n con \u2018Baraka des Tess\u2019. Al finalizar, tuvo lugar la prueba de 1\u201910, bajo el baremo 2 fases, en el que s\u00f3lo seis binomios consiguieron hacer doble cero, destacando la participaci\u00f3n de Maitane P\u00e9rez Ram\u00f3n con \u2018Reve Du Hille\u2019, que se impuso con un tiempo de 32,18 sg., con tres segundos de diferencia respecto a la segunda clasificada, Aduna Lopetegi.<\/p>\n<p style=\"text-align: justify;\">La tarde se inici\u00f3 con la prueba de 1\u201920, patrocinada por el Ayuntamiento de Miengo, donde el Alcalde, Jos\u00e9 Manuel Cabrero, fue el encargado de entregar los premios a los brillantes ganadores: la c\u00e1ntabra Marina L\u00f3pez, amazona del Centro Equus Gornazo, con \u2018Geisha D\u2019Estell\u2019, que logr\u00f3 realizar el recorrido con cero puntos en un tiempo de 56,43 sg, que s\u00f3lo pudo ser seguido de cerca por Xavier Cabezas y la vitoriana Paula Azofra.<\/p>\n<p style=\"text-align: justify;\">Con estos resultados, el Centro H\u00edpico Gornazo, que cuenta con una pista deportiva de competici\u00f3n de 3.000 metros cuadrados con obst\u00e1culos al m\u00e1s alto nivel, dio el pistoletazo de salida a la jornada h\u00edpica nacional.<\/p>\n<p style=\"text-align: justify;\">Las pruebas contin\u00faan ma\u00f1ana, s\u00e1bado, desde las 11.00 de la ma\u00f1ana hasta las 20.00 horas, disput\u00e1ndose tres pruebas deportivas y tres complementarias, adem\u00e1s de una especial de jump e-bikes donde los jinetes y amazonas har\u00e1n parte de un recorrido de obst\u00e1culos a caballo y el resto en motos el\u00e9ctricas cedidas por Octupus Movilidad.<\/p>\n<p style=\"text-align: justify;\">Adem\u00e1s, dentro de su pol\u00edtica de apoyo a causas ben\u00e9ficas y solidarias, el Centro Equus Gornazo colabora con la Asociaci\u00f3n Galgos de Casa,\u00a0\u201cpara encontrar un hogar a 10 galgos,\u00a0 que hasta ahora no han tenido la vida que tanto merecen. Apelamos a la solidaridad de los amantes de los animales\u201d,\u00a0tal y como explica la directora del club, Sara Vena.<\/p>\n<p style=\"text-align: justify;\">La competici\u00f3n h\u00edpica se reanudar\u00e1 a partir de las seis de la tarde con la entrega del \u2018Peque\u00f1o Gran Premio\u2019 patrocinado por el Ayuntamiento de Miengo y la \u2018Prueba de 1,30 metros\u2019 a cargo de Aldro Energ\u00eda.<\/p>\n<p style=\"text-align: justify;\">Desde Equus Gornazo agradecer el\u00a0\u201cimprescindible e inestimable\u201d\u00a0apoyo de los patrocinadores para poder llevar a cabo este importante evento, como la Consejer\u00eda de Deporte del Gobierno de Cantabria, el Ayuntamiento de Miengo, la Federaci\u00f3n C\u00e1ntabra y la Espa\u00f1ola de H\u00edpica, el centro Porsche Bilbao, Aldro Energ\u00eda y Grupo Paruvi, entre otros, adem\u00e1s de la Yeguada Antonio Berrio, yeguada c\u00e1ntabra dedicada a la cr\u00eda de caballos de PRE que aprovechar\u00e1 adem\u00e1s la siguiente cita deportiva para poder puntuar en la regi\u00f3n dentro de la Copa ANCCE en varias de sus monturas.<\/p>\n<ul>\n<li><strong><a href=\"http:\/\/federacioncantabradehipica.com\/web\/?tribe_events=csn-equus-gornazo-2\">Resultados<\/a><\/strong><\/li>\n<\/ul>\n","protected":false},"excerpt":{"rendered":"<p>Patricia G\u00f3mez se ha impuesto en el Trofeo Equus Gornazo disputado esta tarde<\/p>\n","protected":false},"author":1,"featured_media":7255,"comment_status":"closed","ping_status":"closed","sticky":false,"template":"","format":"standard","meta":{"kt_blocks_editor_width":"","_jetpack_memberships_contains_paid_content":false,"footnotes":"","jetpack_publicize_message":"\ud83d\udc34Comenz\u00f3 el CSN 2* Equus Gornazo con el triunfo de Patricia G\u00f3mez en la prueba grande","jetpack_publicize_feature_enabled":true,"jetpack_social_post_already_shared":true,"jetpack_social_options":{"image_generator_settings":{"template":"highway","default_image_id":0,"font":"","enabled":false},"version":2}},"categories":[6],"tags":[],"class_list":["post-7253","post","type-post","status-publish","format-standard","has-post-thumbnail","hentry","category-noticias"],"jetpack_publicize_connections":[],"jetpack_featured_media_url":"https:\/\/i0.wp.com\/federacioncantabradehipica.com\/web\/wp-content\/uploads\/2019\/07\/Primera-Segunda-y-tercer-clasificado-CSN-viernes-768x487.jpg?fit=768%2C487&ssl=1","jetpack_sharing_enabled":true,"jetpack_shortlink":"https:\/\/wp.me\/p3jrBv-1SZ","jetpack_likes_enabled":false,"_links":{"self":[{"href":"https:\/\/federacioncantabradehipica.com\/web\/index.php?rest_route=\/wp\/v2\/posts\/7253","targetHints":{"allow":["GET"]}}],"collection":[{"href":"https:\/\/federacioncantabradehipica.com\/web\/index.php?rest_route=\/wp\/v2\/posts"}],"about":[{"href":"https:\/\/federacioncantabradehipica.com\/web\/index.php?rest_route=\/wp\/v2\/types\/post"}],"author":[{"embeddable":true,"href":"https:\/\/federacioncantabradehipica.com\/web\/index.php?rest_route=\/wp\/v2\/users\/1"}],"replies":[{"embeddable":true,"href":"https:\/\/federacioncantabradehipica.com\/web\/index.php?rest_route=%2Fwp%2Fv2%2Fcomments&post=7253"}],"version-history":[{"count":3,"href":"https:\/\/federacioncantabradehipica.com\/web\/index.php?rest_route=\/wp\/v2\/posts\/7253\/revisions"}],"predecessor-version":[{"id":7261,"href":"https:\/\/federacioncantabradehipica.com\/web\/index.php?rest_route=\/wp\/v2\/posts\/7253\/revisions\/7261"}],"wp:featuredmedia":[{"embeddable":true,"href":"https:\/\/federacioncantabradehipica.com\/web\/index.php?rest_route=\/wp\/v2\/media\/7255"}],"wp:attachment":[{"href":"https:\/\/federacioncantabradehipica.com\/web\/index.php?rest_route=%2Fwp%2Fv2%2Fmedia&parent=7253"}],"wp:term":[{"taxonomy":"category","embeddable":true,"href":"https:\/\/federacioncantabradehipica.com\/web\/index.php?rest_route=%2Fwp%2Fv2%2Fcategories&post=7253"},{"taxonomy":"post_tag","embeddable":true,"href":"https:\/\/federacioncantabradehipica.com\/web\/index.php?rest_route=%2Fwp%2Fv2%2Ftags&post=7253"}],"curies":[{"name":"wp","href":"https:\/\/api.w.org\/{rel}","templated":true}]}}