{"id":7257,"date":"2019-07-01T22:54:01","date_gmt":"2019-07-01T20:54:01","guid":{"rendered":"http:\/\/federacioncantabradehipica.com\/web\/?p=7257"},"modified":"2019-07-05T22:56:29","modified_gmt":"2019-07-05T20:56:29","slug":"el-concurso-nacional-de-saltos-de-equus-gornazo-arranca-el-viernes-con-mas-de-cien-participantes","status":"publish","type":"post","link":"https:\/\/federacioncantabradehipica.com\/web\/?p=7257","title":{"rendered":"El concurso Nacional de Saltos de Equus Gornazo arranca el viernes con m\u00e1s de cien participantes"},"content":{"rendered":"<p style=\"text-align: center;\"><strong>El Centro H\u00edpico Equus Gornazo acoge desde el viernes, d\u00eda 5, hasta el domingo, un Concurso Nacional de Saltos 2*<\/strong><!--more--><\/p>\n<figure id=\"attachment_5144\" class=\"thumbnail wp-caption alignright\" style=\"width: 300px\"><img data-recalc-dims=\"1\" loading=\"lazy\" decoding=\"async\" data-attachment-id=\"5144\" data-permalink=\"https:\/\/federacioncantabradehipica.com\/web\/?attachment_id=5144\" data-orig-file=\"https:\/\/i0.wp.com\/federacioncantabradehipica.com\/web\/wp-content\/uploads\/2017\/07\/IMG_9401.jpg?fit=850%2C567&amp;ssl=1\" data-orig-size=\"850,567\" data-comments-opened=\"0\" data-image-meta=\"{&quot;aperture&quot;:&quot;0&quot;,&quot;credit&quot;:&quot;&quot;,&quot;camera&quot;:&quot;&quot;,&quot;caption&quot;:&quot;&quot;,&quot;created_timestamp&quot;:&quot;0&quot;,&quot;copyright&quot;:&quot;&quot;,&quot;focal_length&quot;:&quot;0&quot;,&quot;iso&quot;:&quot;0&quot;,&quot;shutter_speed&quot;:&quot;0&quot;,&quot;title&quot;:&quot;&quot;,&quot;orientation&quot;:&quot;0&quot;}\" data-image-title=\"IMG_9401\" data-image-description=\"\" data-image-caption=\"&lt;p&gt;Sa\u00fal Guti\u00e9rrez en Gornazo | Foto: ETC Fotograf\u00eda&lt;\/p&gt;\n\" data-large-file=\"https:\/\/i0.wp.com\/federacioncantabradehipica.com\/web\/wp-content\/uploads\/2017\/07\/IMG_9401.jpg?fit=850%2C567&amp;ssl=1\" class=\"size-medium wp-image-5144\" src=\"https:\/\/i0.wp.com\/federacioncantabradehipica.com\/web\/wp-content\/uploads\/2017\/07\/IMG_9401-300x200.jpg?resize=300%2C200\" alt=\"\" width=\"300\" height=\"200\" srcset=\"https:\/\/i0.wp.com\/federacioncantabradehipica.com\/web\/wp-content\/uploads\/2017\/07\/IMG_9401.jpg?resize=300%2C200&amp;ssl=1 300w, https:\/\/i0.wp.com\/federacioncantabradehipica.com\/web\/wp-content\/uploads\/2017\/07\/IMG_9401.jpg?resize=150%2C100&amp;ssl=1 150w, https:\/\/i0.wp.com\/federacioncantabradehipica.com\/web\/wp-content\/uploads\/2017\/07\/IMG_9401.jpg?w=850&amp;ssl=1 850w\" sizes=\"auto, (max-width: 300px) 100vw, 300px\" \/><figcaption class=\"caption wp-caption-text\">Sa\u00fal Guti\u00e9rrez en Gornazo | Foto: ETC Fotograf\u00eda<\/figcaption><\/figure>\n<p style=\"text-align: justify;\">Adem\u00e1s, durante la competici\u00f3n, que se desarrollar\u00e1 de 11 de la ma\u00f1ana a 8 de la tarde y tiene entrada y parking gratuito, habr\u00e1 numerosas actividades de ocio y entretenimiento para ni\u00f1os, con una zona infantil especial gracias a Aldro Energ\u00eda donde habr\u00e1 pintacaras, juegos y obsequios para todos los peque\u00f1os.<\/p>\n<p style=\"text-align: justify;\">\u201cAdem\u00e1s de la importancia de la prueba h\u00edpica, en la que participar\u00e1n jinetes y amazonas de la calidad de Rom\u00e1n Gil, Paula Azofra o Alejandro L\u00f3pez Ar\u00f3stegui, todos los aficionados a este deporte y el p\u00fablico en general podr\u00e1n disfrutar de una variada oferta de ocio, entre la que se incluye una barbacoa gratuita con fiesta country, que tendr\u00e1 lugar el s\u00e1bado\u201d, explica la directora del Centro H\u00edpico Equus Gornazo, Sara Vena.<\/p>\n<p style=\"text-align: justify;\">La competici\u00f3n comenzar\u00e1 el viernes con las pruebas destinadas a los jinetes m\u00e1s peque\u00f1os y por la tarde se celebrar\u00e1 a el Trofeo Equus Gornazo, mientras que el s\u00e1bado se entregar\u00e1 el \u2018Peque\u00f1o Gran Premio\u2019 patrocinado por el Ayuntamiento de Miengo y la \u2018Prueba de 1,30 metros\u2019 a cargo de Aldro Energ\u00eda. Adem\u00e1s, tambi\u00e9n tendr\u00e1 lugar una prueba especial de jump e-bikes donde los jinetes y amazonas har\u00e1n parte de un recorrido de obst\u00e1culos a caballo y el resto en motos el\u00e9ctricas cedidas por Octupus Movilidad.<\/p>\n<p style=\"text-align: justify;\">Finalmente, la prueba principal ser\u00e1 el domingo, a partir de las cinco de la tarde con el Gran Premio del Centro Porsche Bilbao, que adem\u00e1s dispondr\u00e1 de un espacio en las instalaciones con una espectacular exposici\u00f3n de veh\u00edculos.<\/p>\n<p style=\"text-align: justify;\">Durante los tres d\u00edas de competici\u00f3n se disputar\u00e1n tres pruebas oficiales y tres complementarias con diferentes obst\u00e1culos que dar\u00e1n realce a la moderna pista de competici\u00f3n de m\u00e1s de 3.000 metros cuadrados de Equus Gornazo, una de las mejores instalaciones h\u00edpicas de Cantabria.<\/p>\n<p style=\"text-align: justify;\">\u201cAnimamos a los aficionados a que se acerquen a Miengo este fin de semana porque podr\u00e1n disfrutar de unas jornadas incre\u00edbles de convivencia en las que integra el deporte con el amor por los animales y la naturaleza, con variadas actividades para los ni\u00f1os y para las familias y muchas sorpresas\u201d, a\u00f1adi\u00f3 Sara Vena.<\/p>\n<p style=\"text-align: justify;\">Con esta competici\u00f3n, el Centro Equus Gornazo da el pistoletazo de salida a la temporada deportiva de h\u00edpica, ya que el siguiente fin de semana, los d\u00edas 13 y 14, tendr\u00e1 lugar el Concurso Nacional de Doma Cl\u00e1sica, puntuable por primera vez para la Copa ANCCE COVAP. Se trata de una competici\u00f3n \u00fanica en Cantabria que permitir\u00e1 a las yeguadas y ganader\u00edas de la regi\u00f3n, adem\u00e1s de todos los jinetes y amazonas aficionados para poder puntuar dentro de la Copa ANCCE.<\/p>\n<p style=\"text-align: justify;\">Por \u00faltimo, la directora de Equus Gornazo agradece el \u201cimprescindible e inestimable\u201d\u00a0apoyo de los patrocinadores para poder llevar a cabo este importante evento, como la\u00a0Consejer\u00eda de Deporte del Gobierno de Cantabria, el Ayuntamiento de Miengo, la Federaci\u00f3n C\u00e1ntabra y la Espa\u00f1ola de H\u00edpica,\u00a0el centro Porsche Bilbao\u00a0y\u00a0Aldro Energ\u00eda\u00a0y Grupo Paruvi, entre otros, adem\u00e1s de la\u00a0Yeguada Antonio Berrio, yeguada c\u00e1ntabra dedicada a la cr\u00eda de caballos de PRE que aprovechar\u00e1 adem\u00e1s la siguiente cita deportiva para poder puntuar en la regi\u00f3n dentro de la Copa ANCCE en varias de sus monturas.<\/p>\n","protected":false},"excerpt":{"rendered":"<p>El Centro H\u00edpico Equus Gornazo acoge desde el viernes, d\u00eda 5, hasta el domingo, un Concurso Nacional de Saltos 2*<\/p>\n","protected":false},"author":1,"featured_media":5144,"comment_status":"closed","ping_status":"closed","sticky":false,"template":"","format":"standard","meta":{"kt_blocks_editor_width":"","_jetpack_memberships_contains_paid_content":false,"footnotes":"","jetpack_publicize_message":"El concurso Nacional de Saltos de Equus Gornazo arranca el viernes con m\u00e1s de cien participantes","jetpack_publicize_feature_enabled":true,"jetpack_social_post_already_shared":true,"jetpack_social_options":{"image_generator_settings":{"template":"highway","default_image_id":0,"font":"","enabled":false},"version":2}},"categories":[6],"tags":[],"class_list":["post-7257","post","type-post","status-publish","format-standard","has-post-thumbnail","hentry","category-noticias"],"jetpack_publicize_connections":[],"jetpack_featured_media_url":"https:\/\/i0.wp.com\/federacioncantabradehipica.com\/web\/wp-content\/uploads\/2017\/07\/IMG_9401.jpg?fit=850%2C567&ssl=1","jetpack_sharing_enabled":true,"jetpack_shortlink":"https:\/\/wp.me\/p3jrBv-1T3","jetpack_likes_enabled":false,"_links":{"self":[{"href":"https:\/\/federacioncantabradehipica.com\/web\/index.php?rest_route=\/wp\/v2\/posts\/7257","targetHints":{"allow":["GET"]}}],"collection":[{"href":"https:\/\/federacioncantabradehipica.com\/web\/index.php?rest_route=\/wp\/v2\/posts"}],"about":[{"href":"https:\/\/federacioncantabradehipica.com\/web\/index.php?rest_route=\/wp\/v2\/types\/post"}],"author":[{"embeddable":true,"href":"https:\/\/federacioncantabradehipica.com\/web\/index.php?rest_route=\/wp\/v2\/users\/1"}],"replies":[{"embeddable":true,"href":"https:\/\/federacioncantabradehipica.com\/web\/index.php?rest_route=%2Fwp%2Fv2%2Fcomments&post=7257"}],"version-history":[{"count":2,"href":"https:\/\/federacioncantabradehipica.com\/web\/index.php?rest_route=\/wp\/v2\/posts\/7257\/revisions"}],"predecessor-version":[{"id":7259,"href":"https:\/\/federacioncantabradehipica.com\/web\/index.php?rest_route=\/wp\/v2\/posts\/7257\/revisions\/7259"}],"wp:featuredmedia":[{"embeddable":true,"href":"https:\/\/federacioncantabradehipica.com\/web\/index.php?rest_route=\/wp\/v2\/media\/5144"}],"wp:attachment":[{"href":"https:\/\/federacioncantabradehipica.com\/web\/index.php?rest_route=%2Fwp%2Fv2%2Fmedia&parent=7257"}],"wp:term":[{"taxonomy":"category","embeddable":true,"href":"https:\/\/federacioncantabradehipica.com\/web\/index.php?rest_route=%2Fwp%2Fv2%2Fcategories&post=7257"},{"taxonomy":"post_tag","embeddable":true,"href":"https:\/\/federacioncantabradehipica.com\/web\/index.php?rest_route=%2Fwp%2Fv2%2Ftags&post=7257"}],"curies":[{"name":"wp","href":"https:\/\/api.w.org\/{rel}","templated":true}]}}