{"id":7266,"date":"2019-06-30T20:13:50","date_gmt":"2019-06-30T18:13:50","guid":{"rendered":"http:\/\/federacioncantabradehipica.com\/web\/?p=7266"},"modified":"2019-07-07T18:25:24","modified_gmt":"2019-07-07T16:25:24","slug":"celia-cobo-teran-medalla-de-bronce-por-equipos-en-el-campeonato-de-espana-de-ponis","status":"publish","type":"post","link":"https:\/\/federacioncantabradehipica.com\/web\/?p=7266","title":{"rendered":"Celia Cobo Ter\u00e1n, medalla de bronce por equipos en el Campeonato de Espa\u00f1a de Ponis"},"content":{"rendered":"<p style=\"text-align: center\"><strong>La amazona c\u00e1ntabra se subi\u00f3 al podio con un equipo mixto integrado tambi\u00e9n por jinetes vascos, catalanes y andaluzes<\/strong><!--more--><\/p>\n<figure id=\"attachment_7267\" class=\"thumbnail wp-caption alignright\" style=\"width: 300px\"><img data-recalc-dims=\"1\" loading=\"lazy\" decoding=\"async\" data-attachment-id=\"7267\" data-permalink=\"https:\/\/federacioncantabradehipica.com\/web\/?attachment_id=7267\" data-orig-file=\"https:\/\/i0.wp.com\/federacioncantabradehipica.com\/web\/wp-content\/uploads\/2019\/07\/Captura-de-pantalla-2019-07-06-a-las-19.50.50.png?fit=662%2C596&amp;ssl=1\" data-orig-size=\"662,596\" data-comments-opened=\"0\" data-image-meta=\"{&quot;aperture&quot;:&quot;0&quot;,&quot;credit&quot;:&quot;&quot;,&quot;camera&quot;:&quot;&quot;,&quot;caption&quot;:&quot;&quot;,&quot;created_timestamp&quot;:&quot;0&quot;,&quot;copyright&quot;:&quot;&quot;,&quot;focal_length&quot;:&quot;0&quot;,&quot;iso&quot;:&quot;0&quot;,&quot;shutter_speed&quot;:&quot;0&quot;,&quot;title&quot;:&quot;&quot;,&quot;orientation&quot;:&quot;0&quot;}\" data-image-title=\"Captura de pantalla 2019-07-06 a las 19.50.50\" data-image-description=\"\" data-image-caption=\"&lt;p&gt;Foto: ANBE&lt;\/p&gt;\n\" data-large-file=\"https:\/\/i0.wp.com\/federacioncantabradehipica.com\/web\/wp-content\/uploads\/2019\/07\/Captura-de-pantalla-2019-07-06-a-las-19.50.50.png?fit=662%2C596&amp;ssl=1\" src=\"https:\/\/i0.wp.com\/federacioncantabradehipica.com\/web\/wp-content\/uploads\/2019\/07\/Captura-de-pantalla-2019-07-06-a-las-19.50.50-300x270.png?resize=300%2C270\" class=\"size-medium wp-image-7267\" width=\"300\" height=\"270\" alt=\"\" srcset=\"https:\/\/i0.wp.com\/federacioncantabradehipica.com\/web\/wp-content\/uploads\/2019\/07\/Captura-de-pantalla-2019-07-06-a-las-19.50.50.png?resize=300%2C270&amp;ssl=1 300w, https:\/\/i0.wp.com\/federacioncantabradehipica.com\/web\/wp-content\/uploads\/2019\/07\/Captura-de-pantalla-2019-07-06-a-las-19.50.50.png?resize=150%2C135&amp;ssl=1 150w, https:\/\/i0.wp.com\/federacioncantabradehipica.com\/web\/wp-content\/uploads\/2019\/07\/Captura-de-pantalla-2019-07-06-a-las-19.50.50.png?w=662&amp;ssl=1 662w\" sizes=\"auto, (max-width: 300px) 100vw, 300px\" \/><figcaption class=\"caption wp-caption-text\">Foto: ANBE<\/figcaption><\/figure>\n<p style=\"text-align: justify\">Celia Cobo Ter\u00e1n se subi\u00f3 al podio del XXXI Campeonato de Espa\u00f1a de Ponis 2019, disputado en el Centro Ecuestre de Castilla y Le\u00f3n (Segovia).<\/p>\n<p style=\"text-align: justify\">La joven amazona c\u00e1ntabra, que est\u00e1 realizando una gran temporada, logr\u00f3 la medalla de bronce&nbsp; por equipos junto con sus compa\u00f1eras Paula Beltr\u00e1n (Andalucia), Ana Tiffon (Catalu\u00f1a) y el jinete vasco Rafa Iribarren.<\/p>\n<p style=\"text-align: justify\">En Segovia tambi\u00e9n han disputado el Campeonato de Espa\u00f1a los federados c\u00e1ntabros Nicol\u00e1s Cobo Ter\u00e1n (se clasific\u00f3 segundo en su categor\u00eda en la jornada del s\u00e1bado), Alba P\u00e9rez Santos (segunda en la jornada del s\u00e1bado en Ponis D2), Itxasne Aspillaga Gorostiaga y Alba Calvo Badiola.<\/p>\n<p>&nbsp;<\/p>\n","protected":false},"excerpt":{"rendered":"<p>La amazona c\u00e1ntabra se subi\u00f3 al podio con un equipo mixto integrado tambi\u00e9n por jinetes vascos, catalanes y andaluzes<\/p>\n","protected":false},"author":1,"featured_media":7267,"comment_status":"closed","ping_status":"closed","sticky":false,"template":"","format":"standard","meta":{"kt_blocks_editor_width":"","_jetpack_memberships_contains_paid_content":false,"footnotes":"","jetpack_publicize_message":"Celia Cobo Ter\u00e1n, medalla de bronce por equipos en el Campeonato de Espa\u00f1a de Ponis","jetpack_publicize_feature_enabled":true,"jetpack_social_post_already_shared":true,"jetpack_social_options":{"image_generator_settings":{"template":"highway","default_image_id":0,"font":"","enabled":false},"version":2}},"categories":[6],"tags":[],"class_list":["post-7266","post","type-post","status-publish","format-standard","has-post-thumbnail","hentry","category-noticias"],"jetpack_publicize_connections":[],"jetpack_featured_media_url":"https:\/\/i0.wp.com\/federacioncantabradehipica.com\/web\/wp-content\/uploads\/2019\/07\/Captura-de-pantalla-2019-07-06-a-las-19.50.50.png?fit=662%2C596&ssl=1","jetpack_sharing_enabled":true,"jetpack_shortlink":"https:\/\/wp.me\/p3jrBv-1Tc","jetpack_likes_enabled":false,"_links":{"self":[{"href":"https:\/\/federacioncantabradehipica.com\/web\/index.php?rest_route=\/wp\/v2\/posts\/7266","targetHints":{"allow":["GET"]}}],"collection":[{"href":"https:\/\/federacioncantabradehipica.com\/web\/index.php?rest_route=\/wp\/v2\/posts"}],"about":[{"href":"https:\/\/federacioncantabradehipica.com\/web\/index.php?rest_route=\/wp\/v2\/types\/post"}],"author":[{"embeddable":true,"href":"https:\/\/federacioncantabradehipica.com\/web\/index.php?rest_route=\/wp\/v2\/users\/1"}],"replies":[{"embeddable":true,"href":"https:\/\/federacioncantabradehipica.com\/web\/index.php?rest_route=%2Fwp%2Fv2%2Fcomments&post=7266"}],"version-history":[{"count":3,"href":"https:\/\/federacioncantabradehipica.com\/web\/index.php?rest_route=\/wp\/v2\/posts\/7266\/revisions"}],"predecessor-version":[{"id":7285,"href":"https:\/\/federacioncantabradehipica.com\/web\/index.php?rest_route=\/wp\/v2\/posts\/7266\/revisions\/7285"}],"wp:featuredmedia":[{"embeddable":true,"href":"https:\/\/federacioncantabradehipica.com\/web\/index.php?rest_route=\/wp\/v2\/media\/7267"}],"wp:attachment":[{"href":"https:\/\/federacioncantabradehipica.com\/web\/index.php?rest_route=%2Fwp%2Fv2%2Fmedia&parent=7266"}],"wp:term":[{"taxonomy":"category","embeddable":true,"href":"https:\/\/federacioncantabradehipica.com\/web\/index.php?rest_route=%2Fwp%2Fv2%2Fcategories&post=7266"},{"taxonomy":"post_tag","embeddable":true,"href":"https:\/\/federacioncantabradehipica.com\/web\/index.php?rest_route=%2Fwp%2Fv2%2Ftags&post=7266"}],"curies":[{"name":"wp","href":"https:\/\/api.w.org\/{rel}","templated":true}]}}