{"id":7272,"date":"2019-07-06T20:49:05","date_gmt":"2019-07-06T18:49:05","guid":{"rendered":"http:\/\/federacioncantabradehipica.com\/web\/?p=7272"},"modified":"2019-07-06T20:49:05","modified_gmt":"2019-07-06T18:49:05","slug":"jimena-garcia-rueda-disputa-el-campeonato-de-europa-de-menores-de-salto-2019","status":"publish","type":"post","link":"https:\/\/federacioncantabradehipica.com\/web\/?p=7272","title":{"rendered":"Jimena Garc\u00eda Rueda disputa el Campeonato de Europa de Menores de Salto 2019"},"content":{"rendered":"<p style=\"text-align: center;\"><strong>La amazona c\u00e1ntabra se desplaza a Holanda con el equipo nacional<\/strong><!--more--><\/p>\n<p style=\"text-align: justify;\"><img data-recalc-dims=\"1\" loading=\"lazy\" decoding=\"async\" data-attachment-id=\"7273\" data-permalink=\"https:\/\/federacioncantabradehipica.com\/web\/?attachment_id=7273\" data-orig-file=\"https:\/\/i0.wp.com\/federacioncantabradehipica.com\/web\/wp-content\/uploads\/2019\/07\/266b25690936d25d16aa6e5bd07a55b6_L.jpg?fit=700%2C933&amp;ssl=1\" data-orig-size=\"700,933\" data-comments-opened=\"0\" data-image-meta=\"{&quot;aperture&quot;:&quot;0&quot;,&quot;credit&quot;:&quot;&quot;,&quot;camera&quot;:&quot;&quot;,&quot;caption&quot;:&quot;&quot;,&quot;created_timestamp&quot;:&quot;0&quot;,&quot;copyright&quot;:&quot;&quot;,&quot;focal_length&quot;:&quot;0&quot;,&quot;iso&quot;:&quot;0&quot;,&quot;shutter_speed&quot;:&quot;0&quot;,&quot;title&quot;:&quot;&quot;,&quot;orientation&quot;:&quot;0&quot;}\" data-image-title=\"266b25690936d25d16aa6e5bd07a55b6_L\" data-image-description=\"\" data-image-caption=\"\" data-large-file=\"https:\/\/i0.wp.com\/federacioncantabradehipica.com\/web\/wp-content\/uploads\/2019\/07\/266b25690936d25d16aa6e5bd07a55b6_L.jpg?fit=700%2C933&amp;ssl=1\" class=\"size-medium wp-image-7273 alignright\" src=\"https:\/\/i0.wp.com\/federacioncantabradehipica.com\/web\/wp-content\/uploads\/2019\/07\/266b25690936d25d16aa6e5bd07a55b6_L-225x300.jpg?resize=225%2C300\" alt=\"\" width=\"225\" height=\"300\" srcset=\"https:\/\/i0.wp.com\/federacioncantabradehipica.com\/web\/wp-content\/uploads\/2019\/07\/266b25690936d25d16aa6e5bd07a55b6_L.jpg?resize=225%2C300&amp;ssl=1 225w, https:\/\/i0.wp.com\/federacioncantabradehipica.com\/web\/wp-content\/uploads\/2019\/07\/266b25690936d25d16aa6e5bd07a55b6_L.jpg?resize=113%2C150&amp;ssl=1 113w, https:\/\/i0.wp.com\/federacioncantabradehipica.com\/web\/wp-content\/uploads\/2019\/07\/266b25690936d25d16aa6e5bd07a55b6_L.jpg?w=700&amp;ssl=1 700w\" sizes=\"auto, (max-width: 225px) 100vw, 225px\" \/>La Comisi\u00f3n de Selecci\u00f3n de Saltos de Menores de la Real Federaci\u00f3n H\u00edpica Espa\u00f1ola, ha seleccionado y matriculado a la amazona c\u00e1ntabra, Jimena Garc\u00eda Rueda, para su participaci\u00f3n con el Equipo Nacional en el Campeonato de Europa Ch-J-YR de Zuidwolde (Holanda), del 9 al 14 de julio.<\/p>\n<p style=\"text-align: justify;\">La federada c\u00e1ntabra con \u00abNahar Z\u00bb ha representado a la Real Federaci\u00f3n H\u00edpica Espa\u00f1ola esta temporada en los CSIO-Children de Hagen, Wierden y Fotainebleau.<\/p>\n<p style=\"text-align: center;\"><strong>\u00a1Mucha suerte, Jimena!<\/strong><\/p>\n","protected":false},"excerpt":{"rendered":"<p>La amazona c\u00e1ntabra se desplaza a Holanda con el equipo nacional<\/p>\n","protected":false},"author":1,"featured_media":7273,"comment_status":"closed","ping_status":"closed","sticky":false,"template":"","format":"standard","meta":{"kt_blocks_editor_width":"","_jetpack_memberships_contains_paid_content":false,"footnotes":"","jetpack_publicize_message":"\ud83d\udc34 Jimena Garc\u00eda Rueda disputa el Campeonato de Europa de Menores de Salto 2019","jetpack_publicize_feature_enabled":true,"jetpack_social_post_already_shared":true,"jetpack_social_options":{"image_generator_settings":{"template":"highway","default_image_id":0,"font":"","enabled":false},"version":2}},"categories":[6],"tags":[],"class_list":["post-7272","post","type-post","status-publish","format-standard","has-post-thumbnail","hentry","category-noticias"],"jetpack_publicize_connections":[],"jetpack_featured_media_url":"https:\/\/i0.wp.com\/federacioncantabradehipica.com\/web\/wp-content\/uploads\/2019\/07\/266b25690936d25d16aa6e5bd07a55b6_L.jpg?fit=700%2C933&ssl=1","jetpack_sharing_enabled":true,"jetpack_shortlink":"https:\/\/wp.me\/p3jrBv-1Ti","jetpack_likes_enabled":false,"_links":{"self":[{"href":"https:\/\/federacioncantabradehipica.com\/web\/index.php?rest_route=\/wp\/v2\/posts\/7272","targetHints":{"allow":["GET"]}}],"collection":[{"href":"https:\/\/federacioncantabradehipica.com\/web\/index.php?rest_route=\/wp\/v2\/posts"}],"about":[{"href":"https:\/\/federacioncantabradehipica.com\/web\/index.php?rest_route=\/wp\/v2\/types\/post"}],"author":[{"embeddable":true,"href":"https:\/\/federacioncantabradehipica.com\/web\/index.php?rest_route=\/wp\/v2\/users\/1"}],"replies":[{"embeddable":true,"href":"https:\/\/federacioncantabradehipica.com\/web\/index.php?rest_route=%2Fwp%2Fv2%2Fcomments&post=7272"}],"version-history":[{"count":1,"href":"https:\/\/federacioncantabradehipica.com\/web\/index.php?rest_route=\/wp\/v2\/posts\/7272\/revisions"}],"predecessor-version":[{"id":7274,"href":"https:\/\/federacioncantabradehipica.com\/web\/index.php?rest_route=\/wp\/v2\/posts\/7272\/revisions\/7274"}],"wp:featuredmedia":[{"embeddable":true,"href":"https:\/\/federacioncantabradehipica.com\/web\/index.php?rest_route=\/wp\/v2\/media\/7273"}],"wp:attachment":[{"href":"https:\/\/federacioncantabradehipica.com\/web\/index.php?rest_route=%2Fwp%2Fv2%2Fmedia&parent=7272"}],"wp:term":[{"taxonomy":"category","embeddable":true,"href":"https:\/\/federacioncantabradehipica.com\/web\/index.php?rest_route=%2Fwp%2Fv2%2Fcategories&post=7272"},{"taxonomy":"post_tag","embeddable":true,"href":"https:\/\/federacioncantabradehipica.com\/web\/index.php?rest_route=%2Fwp%2Fv2%2Ftags&post=7272"}],"curies":[{"name":"wp","href":"https:\/\/api.w.org\/{rel}","templated":true}]}}