{"id":763,"date":"2013-05-12T21:41:21","date_gmt":"2013-05-12T19:41:21","guid":{"rendered":"http:\/\/federacioncantabradehipica.com\/web\/?p=763"},"modified":"2013-06-11T20:57:19","modified_gmt":"2013-06-11T18:57:19","slug":"se-celebro-la-tercera-sede-de-la-liga-cantabra-de-salto-en-el-pomar","status":"publish","type":"post","link":"https:\/\/federacioncantabradehipica.com\/web\/?p=763","title":{"rendered":"Se celebr\u00f3 la tercera sede de la Liga C\u00e1ntabra de Salto en El Pomar"},"content":{"rendered":"<p style=\"text-align: center;\">La Yeguada El Pomar acogi\u00f3 la tercera sede de la Liga C\u00e1ntabra de Salto con m\u00e1s de 60 salidas a pista.<\/p>\n<p style=\"text-align: left;\"><!--more-->La prueba inicial de la jornada (cruzadas) comenz\u00f3 con el triunfo de <strong>Cesar Alonso Vidal de la Pe\u00f1a<\/strong> con &#8216;Dana&#8217;, seguido de <strong>Ana Fern\u00e1ndez de Velasco<\/strong> con &#8216;Cuco&#8217; y <strong>Evelyn Saiz Marquez<\/strong> con &#8216;Cinderella 463&#8217;. \u00a0En la prueba de 0.60 metros, <strong>Victoria Alonso Vidal de la Pe\u00f1a<\/strong> marc\u00f3 el mejor tiempo con\u00a0&#8216;Carlitos&#8217;, segunda fue <strong>Mar\u00eda Cabezudo Areas<\/strong> con &#8216;Charlie de Lamadrid&#8217; y tercera <strong>Cecilia Su\u00e1rez Lastra<\/strong> con &#8216;Estela&#8217;.<\/p>\n<p style=\"text-align: left;\">En 0.90 metros, <strong>Cesar Alonso Vidal de la Pe\u00f1a<\/strong> registr\u00f3 el mejor tiempo con &#8216;Princesa Bella&#8217;, segundo fue <strong>Robin Alonso Ten Zeldam<\/strong> con &#8216;Vega&#8217; y tercera\u00a0<strong>Ana Fern\u00e1ndez de Velasco con\u00a0<\/strong>&#8216;Eole D&#8217; Arbaz&#8217;.<\/p>\n<p style=\"text-align: left;\">En la prueba de 1.10m, <strong>Rebeca Marcos Garc\u00eda<\/strong> con &#8216;Aralar&#8217; sum\u00f3 el mejor tiempo en un recorrido sin falta, segunda fue <strong>Victoria Mu\u00f1oz Ruiz<\/strong> con &#8216;Cuca de Tena&#8217; y tercera <strong>Celia Hern\u00e1ndez Santos<\/strong> con &#8216;Edda del Pomar&#8217;. Por \u00faltimo, en la prueba grande de la jornada (1.20m), <strong>Cesar Alonso Vidal de la Pe\u00f1a<\/strong> con &#8216;Ertos de Ruyco&#8217; finaliz\u00f3 primero, segunda fue <strong>Laura Junquera Bedia<\/strong> con &#8216;Fleur de Valide&#8217; y tercera <strong>Beatriz Pulgar D\u00edaz<\/strong> con &#8216;Cazador de Cueto&#8217;.<\/p>\n<p style=\"text-align: left;\">La Liga C\u00e1ntabra de Salto continuar\u00e1 el s\u00e1bado 25 de mayo en el Centro H\u00edpico Solorga (<em>Villaverde de Pontones<\/em>).<\/p>\n<h2 style=\"text-align: center;\"><strong><a href=\"http:\/\/federacioncantabradehipica.com\/web\/?p=346\">RESULTADOS<\/a><\/strong><\/h2>\n<h2 style=\"text-align: center;\"><a href=\"http:\/\/www.facebook.com\/media\/set\/?set=a.535007259868674.1073741901.505823252787075&amp;type=1&amp;l=0703cdaa82\">GALER\u00cdA DE FOTOS<\/a><\/h2>\n","protected":false},"excerpt":{"rendered":"<p>La Yeguada El Pomar acogi\u00f3 la tercera sede de la Liga C\u00e1ntabra de Salto con m\u00e1s de 60 salidas a pista.<\/p>\n","protected":false},"author":1,"featured_media":764,"comment_status":"closed","ping_status":"closed","sticky":false,"template":"","format":"standard","meta":{"kt_blocks_editor_width":"","_jetpack_memberships_contains_paid_content":false,"footnotes":"","jetpack_publicize_message":"","jetpack_publicize_feature_enabled":true,"jetpack_social_post_already_shared":false,"jetpack_social_options":{"image_generator_settings":{"template":"highway","default_image_id":0,"font":"","enabled":false},"version":2}},"categories":[6],"tags":[32],"class_list":["post-763","post","type-post","status-publish","format-standard","has-post-thumbnail","hentry","category-noticias","tag-salto"],"jetpack_publicize_connections":[],"jetpack_featured_media_url":"https:\/\/i0.wp.com\/federacioncantabradehipica.com\/web\/wp-content\/uploads\/2013\/05\/hipica_yeguada_el_pomar.png?fit=742%2C550&ssl=1","jetpack_sharing_enabled":true,"jetpack_shortlink":"https:\/\/wp.me\/p3jrBv-cj","jetpack_likes_enabled":false,"_links":{"self":[{"href":"https:\/\/federacioncantabradehipica.com\/web\/index.php?rest_route=\/wp\/v2\/posts\/763","targetHints":{"allow":["GET"]}}],"collection":[{"href":"https:\/\/federacioncantabradehipica.com\/web\/index.php?rest_route=\/wp\/v2\/posts"}],"about":[{"href":"https:\/\/federacioncantabradehipica.com\/web\/index.php?rest_route=\/wp\/v2\/types\/post"}],"author":[{"embeddable":true,"href":"https:\/\/federacioncantabradehipica.com\/web\/index.php?rest_route=\/wp\/v2\/users\/1"}],"replies":[{"embeddable":true,"href":"https:\/\/federacioncantabradehipica.com\/web\/index.php?rest_route=%2Fwp%2Fv2%2Fcomments&post=763"}],"version-history":[{"count":8,"href":"https:\/\/federacioncantabradehipica.com\/web\/index.php?rest_route=\/wp\/v2\/posts\/763\/revisions"}],"predecessor-version":[{"id":891,"href":"https:\/\/federacioncantabradehipica.com\/web\/index.php?rest_route=\/wp\/v2\/posts\/763\/revisions\/891"}],"wp:featuredmedia":[{"embeddable":true,"href":"https:\/\/federacioncantabradehipica.com\/web\/index.php?rest_route=\/wp\/v2\/media\/764"}],"wp:attachment":[{"href":"https:\/\/federacioncantabradehipica.com\/web\/index.php?rest_route=%2Fwp%2Fv2%2Fmedia&parent=763"}],"wp:term":[{"taxonomy":"category","embeddable":true,"href":"https:\/\/federacioncantabradehipica.com\/web\/index.php?rest_route=%2Fwp%2Fv2%2Fcategories&post=763"},{"taxonomy":"post_tag","embeddable":true,"href":"https:\/\/federacioncantabradehipica.com\/web\/index.php?rest_route=%2Fwp%2Fv2%2Ftags&post=763"}],"curies":[{"name":"wp","href":"https:\/\/api.w.org\/{rel}","templated":true}]}}