{"id":7951,"date":"2020-04-22T14:12:13","date_gmt":"2020-04-22T12:12:13","guid":{"rendered":"http:\/\/federacioncantabradehipica.com\/web\/?p=7951"},"modified":"2020-04-29T15:10:05","modified_gmt":"2020-04-29T13:10:05","slug":"suspension-de-las-ligas-de-cantabria-de-salto-y-doma","status":"publish","type":"post","link":"https:\/\/federacioncantabradehipica.com\/web\/?p=7951","title":{"rendered":"Suspensi\u00f3n de las Ligas de Cantabria de Salto y Doma"},"content":{"rendered":"<p style=\"text-align: center;\"><strong>Comunicado<\/strong><!--more--><br \/>\n<img data-recalc-dims=\"1\" loading=\"lazy\" decoding=\"async\" data-attachment-id=\"4874\" data-permalink=\"https:\/\/federacioncantabradehipica.com\/web\/?attachment_id=4874\" data-orig-file=\"https:\/\/i0.wp.com\/federacioncantabradehipica.com\/web\/wp-content\/uploads\/2017\/05\/escudo-federacion-cantabra-hipica.png?fit=900%2C600&amp;ssl=1\" data-orig-size=\"900,600\" data-comments-opened=\"0\" data-image-meta=\"{&quot;aperture&quot;:&quot;0&quot;,&quot;credit&quot;:&quot;&quot;,&quot;camera&quot;:&quot;&quot;,&quot;caption&quot;:&quot;&quot;,&quot;created_timestamp&quot;:&quot;0&quot;,&quot;copyright&quot;:&quot;&quot;,&quot;focal_length&quot;:&quot;0&quot;,&quot;iso&quot;:&quot;0&quot;,&quot;shutter_speed&quot;:&quot;0&quot;,&quot;title&quot;:&quot;&quot;,&quot;orientation&quot;:&quot;0&quot;}\" data-image-title=\"escudo-federacion-cantabra-hipica\" data-image-description=\"\" data-image-caption=\"\" data-large-file=\"https:\/\/i0.wp.com\/federacioncantabradehipica.com\/web\/wp-content\/uploads\/2017\/05\/escudo-federacion-cantabra-hipica.png?fit=900%2C600&amp;ssl=1\" class=\"size-medium wp-image-4874 alignright\" src=\"https:\/\/i0.wp.com\/federacioncantabradehipica.com\/web\/wp-content\/uploads\/2017\/05\/escudo-federacion-cantabra-hipica-300x200.png?resize=300%2C200\" alt=\"\" width=\"300\" height=\"200\" srcset=\"https:\/\/i0.wp.com\/federacioncantabradehipica.com\/web\/wp-content\/uploads\/2017\/05\/escudo-federacion-cantabra-hipica.png?resize=300%2C200&amp;ssl=1 300w, https:\/\/i0.wp.com\/federacioncantabradehipica.com\/web\/wp-content\/uploads\/2017\/05\/escudo-federacion-cantabra-hipica.png?resize=150%2C100&amp;ssl=1 150w, https:\/\/i0.wp.com\/federacioncantabradehipica.com\/web\/wp-content\/uploads\/2017\/05\/escudo-federacion-cantabra-hipica.png?w=900&amp;ssl=1 900w\" sizes=\"auto, (max-width: 300px) 100vw, 300px\" \/><\/p>\n<p style=\"text-align: justify;\">Dada la excepcionalidad de las circunstancias actuales, ante la falta de fechas disponibles para establecer un calendario plausible y con garant\u00edas, y con el objetivo de priorizar la celebraci\u00f3n tanto de los Campeonatos de Cantabria como del mayor n\u00famero de los Concursos Nacionales previstos para la temporada 2020, la Federaci\u00f3n C\u00e1ntabra de H\u00edpica, muy a su pesar, se ve obligada a suspender las Ligas Auton\u00f3micas de Salto y Doma del presente a\u00f1o.<\/p>\n<p style=\"text-align: justify;\">La Federaci\u00f3n C\u00e1ntabra de H\u00edpica reitera su agradecimiento a los clubes, federados, t\u00e9cnicos, jueces y colaboradores implicados, por su comprensi\u00f3n ante las medidas adoptadas en este contexto incierto y excepcional.<\/p>\n<p style=\"text-align: right;\"><em>Santander, a 22 de Abril de 2020<\/em><\/p>\n","protected":false},"excerpt":{"rendered":"<p>Comunicado<\/p>\n","protected":false},"author":8,"featured_media":6011,"comment_status":"closed","ping_status":"closed","sticky":false,"template":"","format":"standard","meta":{"kt_blocks_editor_width":"","_jetpack_memberships_contains_paid_content":false,"footnotes":"","jetpack_publicize_message":"","jetpack_publicize_feature_enabled":true,"jetpack_social_post_already_shared":true,"jetpack_social_options":{"image_generator_settings":{"template":"highway","default_image_id":0,"font":"","enabled":false},"version":2}},"categories":[6],"tags":[],"class_list":["post-7951","post","type-post","status-publish","format-standard","has-post-thumbnail","hentry","category-noticias"],"jetpack_publicize_connections":[],"jetpack_featured_media_url":"https:\/\/i0.wp.com\/federacioncantabradehipica.com\/web\/wp-content\/uploads\/2018\/04\/federacion-cantabra-hipica.jpg?fit=900%2C600&ssl=1","jetpack_sharing_enabled":true,"jetpack_shortlink":"https:\/\/wp.me\/p3jrBv-24f","jetpack_likes_enabled":false,"_links":{"self":[{"href":"https:\/\/federacioncantabradehipica.com\/web\/index.php?rest_route=\/wp\/v2\/posts\/7951","targetHints":{"allow":["GET"]}}],"collection":[{"href":"https:\/\/federacioncantabradehipica.com\/web\/index.php?rest_route=\/wp\/v2\/posts"}],"about":[{"href":"https:\/\/federacioncantabradehipica.com\/web\/index.php?rest_route=\/wp\/v2\/types\/post"}],"author":[{"embeddable":true,"href":"https:\/\/federacioncantabradehipica.com\/web\/index.php?rest_route=\/wp\/v2\/users\/8"}],"replies":[{"embeddable":true,"href":"https:\/\/federacioncantabradehipica.com\/web\/index.php?rest_route=%2Fwp%2Fv2%2Fcomments&post=7951"}],"version-history":[{"count":4,"href":"https:\/\/federacioncantabradehipica.com\/web\/index.php?rest_route=\/wp\/v2\/posts\/7951\/revisions"}],"predecessor-version":[{"id":7970,"href":"https:\/\/federacioncantabradehipica.com\/web\/index.php?rest_route=\/wp\/v2\/posts\/7951\/revisions\/7970"}],"wp:featuredmedia":[{"embeddable":true,"href":"https:\/\/federacioncantabradehipica.com\/web\/index.php?rest_route=\/wp\/v2\/media\/6011"}],"wp:attachment":[{"href":"https:\/\/federacioncantabradehipica.com\/web\/index.php?rest_route=%2Fwp%2Fv2%2Fmedia&parent=7951"}],"wp:term":[{"taxonomy":"category","embeddable":true,"href":"https:\/\/federacioncantabradehipica.com\/web\/index.php?rest_route=%2Fwp%2Fv2%2Fcategories&post=7951"},{"taxonomy":"post_tag","embeddable":true,"href":"https:\/\/federacioncantabradehipica.com\/web\/index.php?rest_route=%2Fwp%2Fv2%2Ftags&post=7951"}],"curies":[{"name":"wp","href":"https:\/\/api.w.org\/{rel}","templated":true}]}}