{"id":8261,"date":"2020-08-31T18:50:56","date_gmt":"2020-08-31T16:50:56","guid":{"rendered":"http:\/\/federacioncantabradehipica.com\/web\/?p=8261"},"modified":"2020-09-03T19:14:56","modified_gmt":"2020-09-03T17:14:56","slug":"abierto-el-plazo-de-inscripcion-para-el-campeonato-de-cantabria-de-salto-ponis-y-caballos","status":"publish","type":"post","link":"https:\/\/federacioncantabradehipica.com\/web\/?p=8261","title":{"rendered":"Abierto el plazo de inscripci\u00f3n para el Campeonato de Cantabria de salto Ponis y Caballos"},"content":{"rendered":"<p><img data-recalc-dims=\"1\" loading=\"lazy\" decoding=\"async\" data-attachment-id=\"8275\" data-permalink=\"https:\/\/federacioncantabradehipica.com\/web\/?attachment_id=8275\" data-orig-file=\"https:\/\/i0.wp.com\/federacioncantabradehipica.com\/web\/wp-content\/uploads\/2020\/08\/Abierto-el-plazo-de-inscripcio%CC%81n-1.png?fit=1080%2C1080&amp;ssl=1\" data-orig-size=\"1080,1080\" data-comments-opened=\"0\" data-image-meta=\"{&quot;aperture&quot;:&quot;0&quot;,&quot;credit&quot;:&quot;&quot;,&quot;camera&quot;:&quot;&quot;,&quot;caption&quot;:&quot;&quot;,&quot;created_timestamp&quot;:&quot;0&quot;,&quot;copyright&quot;:&quot;&quot;,&quot;focal_length&quot;:&quot;0&quot;,&quot;iso&quot;:&quot;0&quot;,&quot;shutter_speed&quot;:&quot;0&quot;,&quot;title&quot;:&quot;&quot;,&quot;orientation&quot;:&quot;0&quot;}\" data-image-title=\"Abierto el plazo de inscripcio\u0301n (1)\" data-image-description=\"\" data-image-caption=\"\" data-large-file=\"https:\/\/i0.wp.com\/federacioncantabradehipica.com\/web\/wp-content\/uploads\/2020\/08\/Abierto-el-plazo-de-inscripcio%CC%81n-1.png?fit=1024%2C1024&amp;ssl=1\" class=\"size-medium wp-image-8275 alignright\" src=\"https:\/\/i0.wp.com\/federacioncantabradehipica.com\/web\/wp-content\/uploads\/2020\/08\/Abierto-el-plazo-de-inscripcio%CC%81n-1-300x300.png?resize=300%2C300\" alt=\"\" width=\"300\" height=\"300\" srcset=\"https:\/\/i0.wp.com\/federacioncantabradehipica.com\/web\/wp-content\/uploads\/2020\/08\/Abierto-el-plazo-de-inscripcio%CC%81n-1.png?resize=300%2C300&amp;ssl=1 300w, https:\/\/i0.wp.com\/federacioncantabradehipica.com\/web\/wp-content\/uploads\/2020\/08\/Abierto-el-plazo-de-inscripcio%CC%81n-1.png?resize=1024%2C1024&amp;ssl=1 1024w, https:\/\/i0.wp.com\/federacioncantabradehipica.com\/web\/wp-content\/uploads\/2020\/08\/Abierto-el-plazo-de-inscripcio%CC%81n-1.png?resize=150%2C150&amp;ssl=1 150w, https:\/\/i0.wp.com\/federacioncantabradehipica.com\/web\/wp-content\/uploads\/2020\/08\/Abierto-el-plazo-de-inscripcio%CC%81n-1.png?w=1080&amp;ssl=1 1080w\" sizes=\"auto, (max-width: 300px) 100vw, 300px\" \/>Ya est\u00e1 abierto el plazo de inscripci\u00f3n para el Campeonato de Cantabria de Salto de Obst\u00e1culos y el Campeonato de Cantabria de Salto de Ponis 2020. <strong>El plazo finaliza el pr\u00f3ximo lunes 7<\/strong> de septiembre.<\/p>\n<p>El campeonato comenzar\u00e1 a las <strong>12h<\/strong> del viernes d\u00eda 11 de Septiembre. El orden de salida del primer d\u00eda es el siguiente:<\/p>\n<p>Adultos, J\u00f3venes Jinetes, Juveniles, Infantiles, Alevines y Promoci\u00f3n. A continuaci\u00f3n se celebrar\u00e1n las pruebas de ponis.<\/p>\n<p>&nbsp;<\/p>\n<p>&nbsp;<\/p>\n<ul>\n<li>Ver detalle <a href=\"http:\/\/federacioncantabradehipica.com\/web\/?tribe_events=cpto-cantabria-de-salto\">aqu\u00ed<\/a>.<\/li>\n<\/ul>\n","protected":false},"excerpt":{"rendered":"<p>Ya est\u00e1 abierto el plazo de inscripci\u00f3n para el Campeonato de Cantabria de Salto de Obst\u00e1culos y el Campeonato de Cantabria de Salto de Ponis 2020. El plazo finaliza el pr\u00f3ximo lunes 7 de septiembre. El campeonato comenzar\u00e1 a las &hellip; <a href=\"https:\/\/federacioncantabradehipica.com\/web\/?p=8261\">Continuar<\/a><\/p>\n","protected":false},"author":8,"featured_media":8275,"comment_status":"closed","ping_status":"closed","sticky":false,"template":"","format":"standard","meta":{"kt_blocks_editor_width":"","_jetpack_memberships_contains_paid_content":false,"footnotes":"","jetpack_publicize_message":"","jetpack_publicize_feature_enabled":true,"jetpack_social_post_already_shared":true,"jetpack_social_options":{"image_generator_settings":{"template":"highway","default_image_id":0,"font":"","enabled":false},"version":2}},"categories":[6],"tags":[32],"class_list":["post-8261","post","type-post","status-publish","format-standard","has-post-thumbnail","hentry","category-noticias","tag-salto"],"jetpack_publicize_connections":[],"jetpack_featured_media_url":"https:\/\/i0.wp.com\/federacioncantabradehipica.com\/web\/wp-content\/uploads\/2020\/08\/Abierto-el-plazo-de-inscripcio%CC%81n-1.png?fit=1080%2C1080&ssl=1","jetpack_sharing_enabled":true,"jetpack_shortlink":"https:\/\/wp.me\/p3jrBv-29f","jetpack_likes_enabled":false,"_links":{"self":[{"href":"https:\/\/federacioncantabradehipica.com\/web\/index.php?rest_route=\/wp\/v2\/posts\/8261","targetHints":{"allow":["GET"]}}],"collection":[{"href":"https:\/\/federacioncantabradehipica.com\/web\/index.php?rest_route=\/wp\/v2\/posts"}],"about":[{"href":"https:\/\/federacioncantabradehipica.com\/web\/index.php?rest_route=\/wp\/v2\/types\/post"}],"author":[{"embeddable":true,"href":"https:\/\/federacioncantabradehipica.com\/web\/index.php?rest_route=\/wp\/v2\/users\/8"}],"replies":[{"embeddable":true,"href":"https:\/\/federacioncantabradehipica.com\/web\/index.php?rest_route=%2Fwp%2Fv2%2Fcomments&post=8261"}],"version-history":[{"count":9,"href":"https:\/\/federacioncantabradehipica.com\/web\/index.php?rest_route=\/wp\/v2\/posts\/8261\/revisions"}],"predecessor-version":[{"id":8286,"href":"https:\/\/federacioncantabradehipica.com\/web\/index.php?rest_route=\/wp\/v2\/posts\/8261\/revisions\/8286"}],"wp:featuredmedia":[{"embeddable":true,"href":"https:\/\/federacioncantabradehipica.com\/web\/index.php?rest_route=\/wp\/v2\/media\/8275"}],"wp:attachment":[{"href":"https:\/\/federacioncantabradehipica.com\/web\/index.php?rest_route=%2Fwp%2Fv2%2Fmedia&parent=8261"}],"wp:term":[{"taxonomy":"category","embeddable":true,"href":"https:\/\/federacioncantabradehipica.com\/web\/index.php?rest_route=%2Fwp%2Fv2%2Fcategories&post=8261"},{"taxonomy":"post_tag","embeddable":true,"href":"https:\/\/federacioncantabradehipica.com\/web\/index.php?rest_route=%2Fwp%2Fv2%2Ftags&post=8261"}],"curies":[{"name":"wp","href":"https:\/\/api.w.org\/{rel}","templated":true}]}}