{"id":867,"date":"2013-06-07T10:03:49","date_gmt":"2013-06-07T08:03:49","guid":{"rendered":"http:\/\/federacioncantabradehipica.com\/web\/?p=867"},"modified":"2013-07-03T18:23:37","modified_gmt":"2013-07-03T16:23:37","slug":"el-calendario-de-salto-sufre-varias-modificaciones","status":"publish","type":"post","link":"https:\/\/federacioncantabradehipica.com\/web\/?p=867","title":{"rendered":"El Calendario de Salto sufre varias modificaciones"},"content":{"rendered":"<p style=\"text-align: center;\"><em>Se a\u00f1ade al calendario el CSN 2* Ayuntamiento de Santander que se celebrar\u00e1 el primer fin de semana de julio en La Magdalena<\/em><\/p>\n<p style=\"text-align: center;\"><!--more--><\/p>\n<p style=\"text-align: left;\">La <strong>Pen\u00ednsula de La Magdalena<\/strong> acoger\u00e1 un <strong>Concurso de Saltos Nacional 2*<\/strong> en las mismas fechas en la que se iba a celebrar el tradicional Concurso Internacional (5,6 y 7 de Julio) y que contar\u00e1 con el apoyo y patrocinio del <strong>Ayuntamiento de Santander<\/strong>.<\/p>\n<p style=\"text-align: left;\">Por otra parte, el <strong>CSN* Laredo<\/strong> previsto para el 12,13 y 14 de julio se traslada a finales del mes de agosto (30, 31 de agosto y 1 de septiembre) y el <strong>Campeonato Cantabria de Salto\u00a0<\/strong>se celebrar\u00e1 en el Centro H\u00edpico Laredo los d\u00edas 6,7 y 8 de septiembre de 2013.<\/p>\n<p style=\"text-align: center;\"><img data-recalc-dims=\"1\" loading=\"lazy\" decoding=\"async\" class=\"aligncenter\" alt=\"\" src=\"https:\/\/i0.wp.com\/federacioncantabradehipica.com\/web\/wp-content\/uploads\/2013\/06\/pablo_lanza_grafico.png?resize=417%2C178\" width=\"417\" height=\"178\" \/><\/p>\n<ul>\n<li><strong><span style=\"line-height: 13px;\"><a href=\"http:\/\/federacioncantabradehipica.com\/web\/?page_id=419\">VER &#8216;CALENDARIO&#8217;<\/a>.<\/span><\/strong><\/li>\n<\/ul>\n","protected":false},"excerpt":{"rendered":"<p>Se a\u00f1ade al calendario el CSN 2* Ayuntamiento de Santander que se celebrar\u00e1 el primer fin de semana de julio en La Magdalena<\/p>\n","protected":false},"author":1,"featured_media":868,"comment_status":"closed","ping_status":"closed","sticky":false,"template":"","format":"standard","meta":{"kt_blocks_editor_width":"","_jetpack_memberships_contains_paid_content":false,"footnotes":"","jetpack_publicize_message":"","jetpack_publicize_feature_enabled":true,"jetpack_social_post_already_shared":false,"jetpack_social_options":{"image_generator_settings":{"template":"highway","default_image_id":0,"font":"","enabled":false},"version":2}},"categories":[6],"tags":[],"class_list":["post-867","post","type-post","status-publish","format-standard","has-post-thumbnail","hentry","category-noticias"],"jetpack_publicize_connections":[],"jetpack_featured_media_url":"https:\/\/i0.wp.com\/federacioncantabradehipica.com\/web\/wp-content\/uploads\/2013\/06\/pablo_lanza_grafico.png?fit=695%2C296&ssl=1","jetpack_sharing_enabled":true,"jetpack_shortlink":"https:\/\/wp.me\/p3jrBv-dZ","jetpack_likes_enabled":false,"_links":{"self":[{"href":"https:\/\/federacioncantabradehipica.com\/web\/index.php?rest_route=\/wp\/v2\/posts\/867","targetHints":{"allow":["GET"]}}],"collection":[{"href":"https:\/\/federacioncantabradehipica.com\/web\/index.php?rest_route=\/wp\/v2\/posts"}],"about":[{"href":"https:\/\/federacioncantabradehipica.com\/web\/index.php?rest_route=\/wp\/v2\/types\/post"}],"author":[{"embeddable":true,"href":"https:\/\/federacioncantabradehipica.com\/web\/index.php?rest_route=\/wp\/v2\/users\/1"}],"replies":[{"embeddable":true,"href":"https:\/\/federacioncantabradehipica.com\/web\/index.php?rest_route=%2Fwp%2Fv2%2Fcomments&post=867"}],"version-history":[{"count":5,"href":"https:\/\/federacioncantabradehipica.com\/web\/index.php?rest_route=\/wp\/v2\/posts\/867\/revisions"}],"predecessor-version":[{"id":1000,"href":"https:\/\/federacioncantabradehipica.com\/web\/index.php?rest_route=\/wp\/v2\/posts\/867\/revisions\/1000"}],"wp:featuredmedia":[{"embeddable":true,"href":"https:\/\/federacioncantabradehipica.com\/web\/index.php?rest_route=\/wp\/v2\/media\/868"}],"wp:attachment":[{"href":"https:\/\/federacioncantabradehipica.com\/web\/index.php?rest_route=%2Fwp%2Fv2%2Fmedia&parent=867"}],"wp:term":[{"taxonomy":"category","embeddable":true,"href":"https:\/\/federacioncantabradehipica.com\/web\/index.php?rest_route=%2Fwp%2Fv2%2Fcategories&post=867"},{"taxonomy":"post_tag","embeddable":true,"href":"https:\/\/federacioncantabradehipica.com\/web\/index.php?rest_route=%2Fwp%2Fv2%2Ftags&post=867"}],"curies":[{"name":"wp","href":"https:\/\/api.w.org\/{rel}","templated":true}]}}