{"id":919,"date":"2013-06-16T11:28:50","date_gmt":"2013-06-16T09:28:50","guid":{"rendered":"http:\/\/federacioncantabradehipica.com\/web\/?p=919"},"modified":"2013-06-16T11:29:53","modified_gmt":"2013-06-16T09:29:53","slug":"ana-cuesta-se-lleva-el-pequeno-gran-premio-del-csn-laredo","status":"publish","type":"post","link":"https:\/\/federacioncantabradehipica.com\/web\/?p=919","title":{"rendered":"Ana Cuesta se lleva el Peque\u00f1o Gran Premio del CSN** Laredo"},"content":{"rendered":"<p style=\"text-align: center;\"><em><strong>Kevin Gonz\u00e1lez de Z\u00e1rate volvi\u00f3 a ganar la prueba de Grupo III (1.30m)<\/strong><\/em><\/p>\n<p style=\"text-align: center;\"><!--more--><\/p>\n<p style=\"text-align: justify;\">La segunda jornada del CSN** Laredo volvi\u00f3 a tener de protagonista a\u00a0<strong>Kevin Gonz\u00e1lez de Z\u00e1rate\u00a0<\/strong>que logr\u00f3 la primera y tercera posici\u00f3n de la prueba grande (1.30m) con &#8216;Pepeeur des Espinetes&#8217; y &#8216;Lorsay Galant&#8217;, respectivamente. El jinete local del Centro H\u00edpico Laredo, <strong>Javier Cu\u00f1arro\u00a0<\/strong>finaliz\u00f3 segundo con &#8216;Jague de Mara&#8217;.<\/p>\n<p style=\"text-align: justify;\">En el &#8216;<strong>Peque\u00f1o Gran Premio<\/strong>&#8216; la victoria fue para la amazona\u00a0<strong>Ana Cuesta<\/strong>\u00a0con &#8216;Nicee de Lauzit&#8217; despu\u00e9s de lograr el mejor tiempo en el desempate, segundo qued\u00f3\u00a0<strong>Guillermo Gonzalez<\/strong> con &#8216;Valdelamadre Brooklyn&#8217; y tercera la amazona c\u00e1ntabra\u00a0<strong>Paola\u00a0<\/strong><b>Pel\u00e1ez<\/b>\u00a0con &#8216;Berona&#8217;. \u00a0Hoy domingo, \u00faltimo d\u00eda del Concurso de Saltos Nacional de Laredo 2* en donde se celebrar\u00e1 el Gran Premio (1.35m).<\/p>\n<ul>\n<li><strong><a href=\"http:\/\/federacioncantabradehipica.com\/web\/?p=93\"><span style=\"line-height: 13px;\">Resultados completos<\/span><\/a><\/strong><\/li>\n<li><strong><a href=\"http:\/\/federacioncantabradehipica.com\/web\/?p=93\">Orden de salida del domingo<\/a><\/strong><\/li>\n<\/ul>\n<p style=\"text-align: right;\">Pablo Lanza \/ F.C.H<\/p>\n","protected":false},"excerpt":{"rendered":"<p>Kevin Gonz\u00e1lez de Z\u00e1rate volvi\u00f3 a ganar la prueba de Grupo III (1.30m)<\/p>\n","protected":false},"author":1,"featured_media":920,"comment_status":"closed","ping_status":"closed","sticky":false,"template":"","format":"standard","meta":{"kt_blocks_editor_width":"","_jetpack_memberships_contains_paid_content":false,"footnotes":"","jetpack_publicize_message":"","jetpack_publicize_feature_enabled":true,"jetpack_social_post_already_shared":false,"jetpack_social_options":{"image_generator_settings":{"template":"highway","default_image_id":0,"font":"","enabled":false},"version":2}},"categories":[6],"tags":[],"class_list":["post-919","post","type-post","status-publish","format-standard","has-post-thumbnail","hentry","category-noticias"],"jetpack_publicize_connections":[],"jetpack_featured_media_url":"https:\/\/i0.wp.com\/federacioncantabradehipica.com\/web\/wp-content\/uploads\/2013\/06\/kevin-gonzalez-de-zarate-laredo.png?fit=703%2C525&ssl=1","jetpack_sharing_enabled":true,"jetpack_shortlink":"https:\/\/wp.me\/p3jrBv-eP","jetpack_likes_enabled":false,"_links":{"self":[{"href":"https:\/\/federacioncantabradehipica.com\/web\/index.php?rest_route=\/wp\/v2\/posts\/919","targetHints":{"allow":["GET"]}}],"collection":[{"href":"https:\/\/federacioncantabradehipica.com\/web\/index.php?rest_route=\/wp\/v2\/posts"}],"about":[{"href":"https:\/\/federacioncantabradehipica.com\/web\/index.php?rest_route=\/wp\/v2\/types\/post"}],"author":[{"embeddable":true,"href":"https:\/\/federacioncantabradehipica.com\/web\/index.php?rest_route=\/wp\/v2\/users\/1"}],"replies":[{"embeddable":true,"href":"https:\/\/federacioncantabradehipica.com\/web\/index.php?rest_route=%2Fwp%2Fv2%2Fcomments&post=919"}],"version-history":[{"count":2,"href":"https:\/\/federacioncantabradehipica.com\/web\/index.php?rest_route=\/wp\/v2\/posts\/919\/revisions"}],"predecessor-version":[{"id":922,"href":"https:\/\/federacioncantabradehipica.com\/web\/index.php?rest_route=\/wp\/v2\/posts\/919\/revisions\/922"}],"wp:featuredmedia":[{"embeddable":true,"href":"https:\/\/federacioncantabradehipica.com\/web\/index.php?rest_route=\/wp\/v2\/media\/920"}],"wp:attachment":[{"href":"https:\/\/federacioncantabradehipica.com\/web\/index.php?rest_route=%2Fwp%2Fv2%2Fmedia&parent=919"}],"wp:term":[{"taxonomy":"category","embeddable":true,"href":"https:\/\/federacioncantabradehipica.com\/web\/index.php?rest_route=%2Fwp%2Fv2%2Fcategories&post=919"},{"taxonomy":"post_tag","embeddable":true,"href":"https:\/\/federacioncantabradehipica.com\/web\/index.php?rest_route=%2Fwp%2Fv2%2Ftags&post=919"}],"curies":[{"name":"wp","href":"https:\/\/api.w.org\/{rel}","templated":true}]}}